{"id":1944,"date":"2015-09-29T16:15:33","date_gmt":"2015-09-29T14:15:33","guid":{"rendered":"http:\/\/stadtteiloper-bremen.de\/?p=1944"},"modified":"2015-09-29T16:15:33","modified_gmt":"2015-09-29T14:15:33","slug":"zaghaftes-antrommeln","status":"publish","type":"post","link":"http:\/\/stadtteiloper-bremen.de\/?p=1944","title":{"rendered":"Zaghaftes Antrommeln"},"content":{"rendered":"<p>Die (Musik-)Klasse 6.1 mit Frau Heine hatte heute zum ersten Mal Kontakt mit den neuen Tombak-Trommeln. Einfach draufhauen geht wohl nicht, der Klang der Trommel h\u00e4ngt von der Stelle ab, wo sie geschlagen wird. Hier weist Lea Fink (Zukunftslabor) die Sch\u00fcler ein und probiert schon mal mit ihnen. Die Trommeln sollen als Unterst\u00fctzung f\u00fcr eine besonders dramatische Szene eingesetzt werden.<\/p>\n<div style=\"width: 625px;\" class=\"wp-video\"><!--[if lt IE 9]><script>document.createElement('video');<\/script><![endif]-->\n<video class=\"wp-video-shortcode\" id=\"video-1944-1\" width=\"625\" height=\"352\" preload=\"metadata\" controls=\"controls\"><source type=\"video\/mp4\" src=\"http:\/\/stadtteiloper-bremen.de\/wp-content\/uploads\/2015\/09\/antrommeln.m4v?_=1\" \/><a href=\"http:\/\/stadtteiloper-bremen.de\/wp-content\/uploads\/2015\/09\/antrommeln.m4v\">http:\/\/stadtteiloper-bremen.de\/wp-content\/uploads\/2015\/09\/antrommeln.m4v<\/a><\/video><\/div>\n","protected":false},"excerpt":{"rendered":"<p>Die (Musik-)Klasse 6.1 mit Frau Heine hatte heute zum ersten Mal Kontakt mit den neuen Tombak-Trommeln. Einfach draufhauen geht wohl nicht, der Klang der Trommel h\u00e4ngt von der Stelle ab, wo sie geschlagen wird. Hier weist Lea Fink (Zukunftslabor) die Sch\u00fcler ein und probiert schon mal mit ihnen. Die Trommeln sollen als Unterst\u00fctzung f\u00fcr eine [&hellip;]<\/p>\n","protected":false},"author":2,"featured_media":1945,"comment_status":"open","ping_status":"open","sticky":false,"template":"","format":"standard","meta":{"footnotes":""},"categories":[4,16],"tags":[],"class_list":["post-1944","post","type-post","status-publish","format-standard","has-post-thumbnail","hentry","category-musik","category-video"],"_links":{"self":[{"href":"http:\/\/stadtteiloper-bremen.de\/index.php?rest_route=\/wp\/v2\/posts\/1944","targetHints":{"allow":["GET"]}}],"collection":[{"href":"http:\/\/stadtteiloper-bremen.de\/index.php?rest_route=\/wp\/v2\/posts"}],"about":[{"href":"http:\/\/stadtteiloper-bremen.de\/index.php?rest_route=\/wp\/v2\/types\/post"}],"author":[{"embeddable":true,"href":"http:\/\/stadtteiloper-bremen.de\/index.php?rest_route=\/wp\/v2\/users\/2"}],"replies":[{"embeddable":true,"href":"http:\/\/stadtteiloper-bremen.de\/index.php?rest_route=%2Fwp%2Fv2%2Fcomments&post=1944"}],"version-history":[{"count":1,"href":"http:\/\/stadtteiloper-bremen.de\/index.php?rest_route=\/wp\/v2\/posts\/1944\/revisions"}],"predecessor-version":[{"id":1947,"href":"http:\/\/stadtteiloper-bremen.de\/index.php?rest_route=\/wp\/v2\/posts\/1944\/revisions\/1947"}],"wp:featuredmedia":[{"embeddable":true,"href":"http:\/\/stadtteiloper-bremen.de\/index.php?rest_route=\/wp\/v2\/media\/1945"}],"wp:attachment":[{"href":"http:\/\/stadtteiloper-bremen.de\/index.php?rest_route=%2Fwp%2Fv2%2Fmedia&parent=1944"}],"wp:term":[{"taxonomy":"category","embeddable":true,"href":"http:\/\/stadtteiloper-bremen.de\/index.php?rest_route=%2Fwp%2Fv2%2Fcategories&post=1944"},{"taxonomy":"post_tag","embeddable":true,"href":"http:\/\/stadtteiloper-bremen.de\/index.php?rest_route=%2Fwp%2Fv2%2Ftags&post=1944"}],"curies":[{"name":"wp","href":"https:\/\/api.w.org\/{rel}","templated":true}]}}