{"id":2385,"date":"2015-10-06T18:29:43","date_gmt":"2015-10-06T16:29:43","guid":{"rendered":"http:\/\/stadtteiloper-bremen.de\/?p=2385"},"modified":"2015-10-06T18:29:43","modified_gmt":"2015-10-06T16:29:43","slug":"und-noch-einmal-besaeufnis-mit-tanzeinlage","status":"publish","type":"post","link":"http:\/\/stadtteiloper-bremen.de\/?p=2385","title":{"rendered":"..und noch einmal: Bes\u00e4ufnis mit Tanzeinlage"},"content":{"rendered":"<p>als Lehrer ist es mir jedes Mal sehr unangenehm, dass dort ein Lehrer mit seinen Sch\u00fclern sich die Kante gibt. Tanja Schlawinski tanzt\u00a0Benedikt Kristj\u00e1nsson an. Ibn Sina ist aber schon reichlich wackelig auf den Beinen. Dass das Bes\u00e4ufnis nicht nur gl\u00fcckliche gr\u00fcnde hat, sieht und h\u00f6rt man beim Hinausgehen der Sch\u00fcler. Und zur Sarabande von H\u00e4ndel singt\u00a0Rabih Lahoud\u00a0eine arabisch gef\u00e4rbte Improvisation.<em><br \/>\n<\/em><\/p>\n<p><a href=\"http:\/\/stadtteiloper-bremen.de\/wp-content\/uploads\/2015\/10\/Bes\u00e4ufnis4.jpg\" rel=\"wpdevart_lightbox\"><img loading=\"lazy\" decoding=\"async\" class=\"alignleft size-thumbnail wp-image-2383\" src=\"http:\/\/stadtteiloper-bremen.de\/wp-content\/uploads\/2015\/10\/Bes\u00e4ufnis4-180x180.jpg\" alt=\"Bes\u00e4ufnis4\" width=\"180\" height=\"180\" srcset=\"http:\/\/stadtteiloper-bremen.de\/wp-content\/uploads\/2015\/10\/Bes\u00e4ufnis4-180x180.jpg 180w, http:\/\/stadtteiloper-bremen.de\/wp-content\/uploads\/2015\/10\/Bes\u00e4ufnis4-250x250.jpg 250w, http:\/\/stadtteiloper-bremen.de\/wp-content\/uploads\/2015\/10\/Bes\u00e4ufnis4-624x624.jpg 624w, http:\/\/stadtteiloper-bremen.de\/wp-content\/uploads\/2015\/10\/Bes\u00e4ufnis4.jpg 1500w\" sizes=\"auto, (max-width: 180px) 100vw, 180px\" \/><\/a> <a href=\"http:\/\/stadtteiloper-bremen.de\/wp-content\/uploads\/2015\/10\/Bes\u00e4ufnis2.jpg\" rel=\"wpdevart_lightbox\"><img loading=\"lazy\" decoding=\"async\" class=\"alignleft size-thumbnail wp-image-2381\" src=\"http:\/\/stadtteiloper-bremen.de\/wp-content\/uploads\/2015\/10\/Bes\u00e4ufnis2-180x180.jpg\" alt=\"Bes\u00e4ufnis2\" width=\"180\" height=\"180\" srcset=\"http:\/\/stadtteiloper-bremen.de\/wp-content\/uploads\/2015\/10\/Bes\u00e4ufnis2-180x180.jpg 180w, http:\/\/stadtteiloper-bremen.de\/wp-content\/uploads\/2015\/10\/Bes\u00e4ufnis2-250x250.jpg 250w, http:\/\/stadtteiloper-bremen.de\/wp-content\/uploads\/2015\/10\/Bes\u00e4ufnis2-624x624.jpg 624w, http:\/\/stadtteiloper-bremen.de\/wp-content\/uploads\/2015\/10\/Bes\u00e4ufnis2.jpg 1500w\" sizes=\"auto, (max-width: 180px) 100vw, 180px\" \/><\/a> <a href=\"http:\/\/stadtteiloper-bremen.de\/wp-content\/uploads\/2015\/10\/Bes\u00e4ufnis1.jpg\" rel=\"wpdevart_lightbox\"><img loading=\"lazy\" decoding=\"async\" class=\"alignleft size-thumbnail wp-image-2380\" src=\"http:\/\/stadtteiloper-bremen.de\/wp-content\/uploads\/2015\/10\/Bes\u00e4ufnis1-180x180.jpg\" alt=\"Bes\u00e4ufnis1\" width=\"180\" height=\"180\" srcset=\"http:\/\/stadtteiloper-bremen.de\/wp-content\/uploads\/2015\/10\/Bes\u00e4ufnis1-180x180.jpg 180w, http:\/\/stadtteiloper-bremen.de\/wp-content\/uploads\/2015\/10\/Bes\u00e4ufnis1-250x250.jpg 250w, http:\/\/stadtteiloper-bremen.de\/wp-content\/uploads\/2015\/10\/Bes\u00e4ufnis1-624x624.jpg 624w, http:\/\/stadtteiloper-bremen.de\/wp-content\/uploads\/2015\/10\/Bes\u00e4ufnis1.jpg 1500w\" sizes=\"auto, (max-width: 180px) 100vw, 180px\" \/><\/a><br \/>\n<a href=\"http:\/\/stadtteiloper-bremen.de\/wp-content\/uploads\/2015\/10\/Bes\u00e4ufnis6.jpg\" rel=\"wpdevart_lightbox\"><img loading=\"lazy\" decoding=\"async\" class=\"alignleft size-thumbnail wp-image-2378\" src=\"http:\/\/stadtteiloper-bremen.de\/wp-content\/uploads\/2015\/10\/Bes\u00e4ufnis6-180x180.jpg\" alt=\"Bes\u00e4ufnis6\" width=\"180\" height=\"180\" srcset=\"http:\/\/stadtteiloper-bremen.de\/wp-content\/uploads\/2015\/10\/Bes\u00e4ufnis6-180x180.jpg 180w, http:\/\/stadtteiloper-bremen.de\/wp-content\/uploads\/2015\/10\/Bes\u00e4ufnis6-250x250.jpg 250w, http:\/\/stadtteiloper-bremen.de\/wp-content\/uploads\/2015\/10\/Bes\u00e4ufnis6-624x624.jpg 624w, http:\/\/stadtteiloper-bremen.de\/wp-content\/uploads\/2015\/10\/Bes\u00e4ufnis6.jpg 1500w\" sizes=\"auto, (max-width: 180px) 100vw, 180px\" \/><\/a> <a href=\"http:\/\/stadtteiloper-bremen.de\/wp-content\/uploads\/2015\/10\/Bes\u00e4ufnis5.jpg\" rel=\"wpdevart_lightbox\"><img loading=\"lazy\" decoding=\"async\" class=\"alignleft size-thumbnail wp-image-2377\" src=\"http:\/\/stadtteiloper-bremen.de\/wp-content\/uploads\/2015\/10\/Bes\u00e4ufnis5-180x180.jpg\" alt=\"Bes\u00e4ufnis5\" width=\"180\" height=\"180\" srcset=\"http:\/\/stadtteiloper-bremen.de\/wp-content\/uploads\/2015\/10\/Bes\u00e4ufnis5-180x180.jpg 180w, http:\/\/stadtteiloper-bremen.de\/wp-content\/uploads\/2015\/10\/Bes\u00e4ufnis5-250x250.jpg 250w, http:\/\/stadtteiloper-bremen.de\/wp-content\/uploads\/2015\/10\/Bes\u00e4ufnis5-624x624.jpg 624w, http:\/\/stadtteiloper-bremen.de\/wp-content\/uploads\/2015\/10\/Bes\u00e4ufnis5.jpg 1500w\" sizes=\"auto, (max-width: 180px) 100vw, 180px\" \/><\/a><a href=\"http:\/\/stadtteiloper-bremen.de\/wp-content\/uploads\/2015\/10\/Bes\u00e4ufnis7.jpg\" rel=\"wpdevart_lightbox\"><img loading=\"lazy\" decoding=\"async\" class=\"alignleft size-thumbnail wp-image-2379\" src=\"http:\/\/stadtteiloper-bremen.de\/wp-content\/uploads\/2015\/10\/Bes\u00e4ufnis7-180x180.jpg\" alt=\"Bes\u00e4ufnis7\" width=\"180\" height=\"180\" srcset=\"http:\/\/stadtteiloper-bremen.de\/wp-content\/uploads\/2015\/10\/Bes\u00e4ufnis7-180x180.jpg 180w, http:\/\/stadtteiloper-bremen.de\/wp-content\/uploads\/2015\/10\/Bes\u00e4ufnis7-250x250.jpg 250w, http:\/\/stadtteiloper-bremen.de\/wp-content\/uploads\/2015\/10\/Bes\u00e4ufnis7-624x624.jpg 624w, http:\/\/stadtteiloper-bremen.de\/wp-content\/uploads\/2015\/10\/Bes\u00e4ufnis7.jpg 1500w\" sizes=\"auto, (max-width: 180px) 100vw, 180px\" \/><\/a><\/p>\n<div style=\"width: 625px;\" class=\"wp-video\"><!--[if lt IE 9]><script>document.createElement('video');<\/script><![endif]-->\n<video class=\"wp-video-shortcode\" id=\"video-2385-1\" width=\"625\" height=\"352\" preload=\"metadata\" controls=\"controls\"><source type=\"video\/mp4\" src=\"http:\/\/stadtteiloper-bremen.de\/wp-content\/uploads\/2015\/10\/Bes\u00e4ufnis.m4v?_=1\" \/><a href=\"http:\/\/stadtteiloper-bremen.de\/wp-content\/uploads\/2015\/10\/Bes\u00e4ufnis.m4v\">http:\/\/stadtteiloper-bremen.de\/wp-content\/uploads\/2015\/10\/Bes\u00e4ufnis.m4v<\/a><\/video><\/div>\n","protected":false},"excerpt":{"rendered":"<p>als Lehrer ist es mir jedes Mal sehr unangenehm, dass dort ein Lehrer mit seinen Sch\u00fclern sich die Kante gibt. Tanja Schlawinski tanzt\u00a0Benedikt Kristj\u00e1nsson an. Ibn Sina ist aber schon reichlich wackelig auf den Beinen. Dass das Bes\u00e4ufnis nicht nur gl\u00fcckliche gr\u00fcnde hat, sieht und h\u00f6rt man beim Hinausgehen der Sch\u00fcler. Und zur Sarabande von [&hellip;]<\/p>\n","protected":false},"author":2,"featured_media":2382,"comment_status":"open","ping_status":"open","sticky":false,"template":"","format":"standard","meta":{"footnotes":""},"categories":[28,26,25],"tags":[],"class_list":["post-2385","post","type-post","status-publish","format-standard","has-post-thumbnail","hentry","category-grosse-probe","category-solisten","category-zelt"],"_links":{"self":[{"href":"http:\/\/stadtteiloper-bremen.de\/index.php?rest_route=\/wp\/v2\/posts\/2385","targetHints":{"allow":["GET"]}}],"collection":[{"href":"http:\/\/stadtteiloper-bremen.de\/index.php?rest_route=\/wp\/v2\/posts"}],"about":[{"href":"http:\/\/stadtteiloper-bremen.de\/index.php?rest_route=\/wp\/v2\/types\/post"}],"author":[{"embeddable":true,"href":"http:\/\/stadtteiloper-bremen.de\/index.php?rest_route=\/wp\/v2\/users\/2"}],"replies":[{"embeddable":true,"href":"http:\/\/stadtteiloper-bremen.de\/index.php?rest_route=%2Fwp%2Fv2%2Fcomments&post=2385"}],"version-history":[{"count":1,"href":"http:\/\/stadtteiloper-bremen.de\/index.php?rest_route=\/wp\/v2\/posts\/2385\/revisions"}],"predecessor-version":[{"id":2386,"href":"http:\/\/stadtteiloper-bremen.de\/index.php?rest_route=\/wp\/v2\/posts\/2385\/revisions\/2386"}],"wp:featuredmedia":[{"embeddable":true,"href":"http:\/\/stadtteiloper-bremen.de\/index.php?rest_route=\/wp\/v2\/media\/2382"}],"wp:attachment":[{"href":"http:\/\/stadtteiloper-bremen.de\/index.php?rest_route=%2Fwp%2Fv2%2Fmedia&parent=2385"}],"wp:term":[{"taxonomy":"category","embeddable":true,"href":"http:\/\/stadtteiloper-bremen.de\/index.php?rest_route=%2Fwp%2Fv2%2Fcategories&post=2385"},{"taxonomy":"post_tag","embeddable":true,"href":"http:\/\/stadtteiloper-bremen.de\/index.php?rest_route=%2Fwp%2Fv2%2Ftags&post=2385"}],"curies":[{"name":"wp","href":"https:\/\/api.w.org\/{rel}","templated":true}]}}