{"id":3507,"date":"2016-09-20T18:19:15","date_gmt":"2016-09-20T16:19:15","guid":{"rendered":"http:\/\/stadtteiloper-bremen.de\/?p=3507"},"modified":"2016-09-20T18:19:15","modified_gmt":"2016-09-20T16:19:15","slug":"im-stuhlkreis","status":"publish","type":"post","link":"http:\/\/stadtteiloper-bremen.de\/?p=3507","title":{"rendered":"&#8230; im Stuhlkreis"},"content":{"rendered":"<p>Irgendwie etwas sonderbar, wenn Lehrer im Stuhlkreis sitzen. Aber so war eben die Auswertung des Projekttages, bei der die Lehrer und Sozialp\u00e4dagogen an Lea Fink und Lieske Strudthoff weitergaben, womit sich ihre Klassen besch\u00e4ftigt haben und was man sich an Aufgaben f\u00fcr die Oper vorstellen k\u00f6nnte. Mit dabei auch Anette R\u00fcggeberg, ehemalige Schulleiterin der GSO und Friederike, ehemalige Sch\u00fclerin der GSO und jetzt FSJotlerin bei der Kammerphilharmonie.<\/p>\n<p><a href=\"http:\/\/stadtteiloper-bremen.de\/wp-content\/uploads\/2016\/09\/stuhlkreis6.jpg\" rel=\"wpdevart_lightbox\"><img loading=\"lazy\" decoding=\"async\" class=\"alignleft size-thumbnail wp-image-3508\" src=\"http:\/\/stadtteiloper-bremen.de\/wp-content\/uploads\/2016\/09\/stuhlkreis6-180x180.jpg\" alt=\"stuhlkreis6\" width=\"180\" height=\"180\" srcset=\"http:\/\/stadtteiloper-bremen.de\/wp-content\/uploads\/2016\/09\/stuhlkreis6-180x180.jpg 180w, http:\/\/stadtteiloper-bremen.de\/wp-content\/uploads\/2016\/09\/stuhlkreis6-250x250.jpg 250w, http:\/\/stadtteiloper-bremen.de\/wp-content\/uploads\/2016\/09\/stuhlkreis6-768x768.jpg 768w, http:\/\/stadtteiloper-bremen.de\/wp-content\/uploads\/2016\/09\/stuhlkreis6-624x624.jpg 624w, http:\/\/stadtteiloper-bremen.de\/wp-content\/uploads\/2016\/09\/stuhlkreis6.jpg 1500w\" sizes=\"auto, (max-width: 180px) 100vw, 180px\" \/><\/a> <a href=\"http:\/\/stadtteiloper-bremen.de\/wp-content\/uploads\/2016\/09\/stuhlkreis7.jpg\" rel=\"wpdevart_lightbox\"><img loading=\"lazy\" decoding=\"async\" class=\"alignleft size-thumbnail wp-image-3509\" src=\"http:\/\/stadtteiloper-bremen.de\/wp-content\/uploads\/2016\/09\/stuhlkreis7-180x180.jpg\" alt=\"stuhlkreis7\" width=\"180\" height=\"180\" srcset=\"http:\/\/stadtteiloper-bremen.de\/wp-content\/uploads\/2016\/09\/stuhlkreis7-180x180.jpg 180w, http:\/\/stadtteiloper-bremen.de\/wp-content\/uploads\/2016\/09\/stuhlkreis7-250x250.jpg 250w, http:\/\/stadtteiloper-bremen.de\/wp-content\/uploads\/2016\/09\/stuhlkreis7-768x768.jpg 768w, http:\/\/stadtteiloper-bremen.de\/wp-content\/uploads\/2016\/09\/stuhlkreis7-624x624.jpg 624w, http:\/\/stadtteiloper-bremen.de\/wp-content\/uploads\/2016\/09\/stuhlkreis7.jpg 1500w\" sizes=\"auto, (max-width: 180px) 100vw, 180px\" \/><\/a> <a href=\"http:\/\/stadtteiloper-bremen.de\/wp-content\/uploads\/2016\/09\/stuhlkreis2.jpg\" rel=\"wpdevart_lightbox\"><img loading=\"lazy\" decoding=\"async\" class=\"alignleft size-thumbnail wp-image-3511\" src=\"http:\/\/stadtteiloper-bremen.de\/wp-content\/uploads\/2016\/09\/stuhlkreis2-180x180.jpg\" alt=\"stuhlkreis2\" width=\"180\" height=\"180\" srcset=\"http:\/\/stadtteiloper-bremen.de\/wp-content\/uploads\/2016\/09\/stuhlkreis2-180x180.jpg 180w, http:\/\/stadtteiloper-bremen.de\/wp-content\/uploads\/2016\/09\/stuhlkreis2-250x250.jpg 250w, http:\/\/stadtteiloper-bremen.de\/wp-content\/uploads\/2016\/09\/stuhlkreis2-768x768.jpg 768w, http:\/\/stadtteiloper-bremen.de\/wp-content\/uploads\/2016\/09\/stuhlkreis2-624x624.jpg 624w, http:\/\/stadtteiloper-bremen.de\/wp-content\/uploads\/2016\/09\/stuhlkreis2.jpg 1500w\" sizes=\"auto, (max-width: 180px) 100vw, 180px\" \/><\/a> <a href=\"http:\/\/stadtteiloper-bremen.de\/wp-content\/uploads\/2016\/09\/stuhlkreis3.jpg\" rel=\"wpdevart_lightbox\"><img loading=\"lazy\" decoding=\"async\" class=\"alignleft size-thumbnail wp-image-3512\" src=\"http:\/\/stadtteiloper-bremen.de\/wp-content\/uploads\/2016\/09\/stuhlkreis3-180x180.jpg\" alt=\"stuhlkreis3\" width=\"180\" height=\"180\" srcset=\"http:\/\/stadtteiloper-bremen.de\/wp-content\/uploads\/2016\/09\/stuhlkreis3-180x180.jpg 180w, http:\/\/stadtteiloper-bremen.de\/wp-content\/uploads\/2016\/09\/stuhlkreis3-250x250.jpg 250w, http:\/\/stadtteiloper-bremen.de\/wp-content\/uploads\/2016\/09\/stuhlkreis3-768x768.jpg 768w, http:\/\/stadtteiloper-bremen.de\/wp-content\/uploads\/2016\/09\/stuhlkreis3-624x624.jpg 624w, http:\/\/stadtteiloper-bremen.de\/wp-content\/uploads\/2016\/09\/stuhlkreis3.jpg 1500w\" sizes=\"auto, (max-width: 180px) 100vw, 180px\" \/><\/a> <a href=\"http:\/\/stadtteiloper-bremen.de\/wp-content\/uploads\/2016\/09\/stuhlkreis4.jpg\" rel=\"wpdevart_lightbox\"><img loading=\"lazy\" decoding=\"async\" class=\"alignleft size-thumbnail wp-image-3513\" src=\"http:\/\/stadtteiloper-bremen.de\/wp-content\/uploads\/2016\/09\/stuhlkreis4-180x180.jpg\" alt=\"stuhlkreis4\" width=\"180\" height=\"180\" srcset=\"http:\/\/stadtteiloper-bremen.de\/wp-content\/uploads\/2016\/09\/stuhlkreis4-180x180.jpg 180w, http:\/\/stadtteiloper-bremen.de\/wp-content\/uploads\/2016\/09\/stuhlkreis4-250x250.jpg 250w, http:\/\/stadtteiloper-bremen.de\/wp-content\/uploads\/2016\/09\/stuhlkreis4-768x768.jpg 768w, http:\/\/stadtteiloper-bremen.de\/wp-content\/uploads\/2016\/09\/stuhlkreis4-624x624.jpg 624w, http:\/\/stadtteiloper-bremen.de\/wp-content\/uploads\/2016\/09\/stuhlkreis4.jpg 1500w\" sizes=\"auto, (max-width: 180px) 100vw, 180px\" \/><\/a> <a href=\"http:\/\/stadtteiloper-bremen.de\/wp-content\/uploads\/2016\/09\/stuhlkreis5.jpg\" rel=\"wpdevart_lightbox\"><img loading=\"lazy\" decoding=\"async\" class=\"alignleft size-thumbnail wp-image-3514\" src=\"http:\/\/stadtteiloper-bremen.de\/wp-content\/uploads\/2016\/09\/stuhlkreis5-180x180.jpg\" alt=\"stuhlkreis5\" width=\"180\" height=\"180\" srcset=\"http:\/\/stadtteiloper-bremen.de\/wp-content\/uploads\/2016\/09\/stuhlkreis5-180x180.jpg 180w, http:\/\/stadtteiloper-bremen.de\/wp-content\/uploads\/2016\/09\/stuhlkreis5-250x250.jpg 250w, http:\/\/stadtteiloper-bremen.de\/wp-content\/uploads\/2016\/09\/stuhlkreis5-768x768.jpg 768w, http:\/\/stadtteiloper-bremen.de\/wp-content\/uploads\/2016\/09\/stuhlkreis5-624x624.jpg 624w, http:\/\/stadtteiloper-bremen.de\/wp-content\/uploads\/2016\/09\/stuhlkreis5.jpg 1500w\" sizes=\"auto, (max-width: 180px) 100vw, 180px\" \/><\/a><\/p>\n","protected":false},"excerpt":{"rendered":"<p>Irgendwie etwas sonderbar, wenn Lehrer im Stuhlkreis sitzen. Aber so war eben die Auswertung des Projekttages, bei der die Lehrer und Sozialp\u00e4dagogen an Lea Fink und Lieske Strudthoff weitergaben, womit sich ihre Klassen besch\u00e4ftigt haben und was man sich an Aufgaben f\u00fcr die Oper vorstellen k\u00f6nnte. Mit dabei auch Anette R\u00fcggeberg, ehemalige Schulleiterin der GSO [&hellip;]<\/p>\n","protected":false},"author":2,"featured_media":3510,"comment_status":"open","ping_status":"open","sticky":false,"template":"","format":"standard","meta":{"footnotes":""},"categories":[34,2],"tags":[],"class_list":["post-3507","post","type-post","status-publish","format-standard","has-post-thumbnail","hentry","category-amerika","category-projekttag-1"],"_links":{"self":[{"href":"http:\/\/stadtteiloper-bremen.de\/index.php?rest_route=\/wp\/v2\/posts\/3507","targetHints":{"allow":["GET"]}}],"collection":[{"href":"http:\/\/stadtteiloper-bremen.de\/index.php?rest_route=\/wp\/v2\/posts"}],"about":[{"href":"http:\/\/stadtteiloper-bremen.de\/index.php?rest_route=\/wp\/v2\/types\/post"}],"author":[{"embeddable":true,"href":"http:\/\/stadtteiloper-bremen.de\/index.php?rest_route=\/wp\/v2\/users\/2"}],"replies":[{"embeddable":true,"href":"http:\/\/stadtteiloper-bremen.de\/index.php?rest_route=%2Fwp%2Fv2%2Fcomments&post=3507"}],"version-history":[{"count":1,"href":"http:\/\/stadtteiloper-bremen.de\/index.php?rest_route=\/wp\/v2\/posts\/3507\/revisions"}],"predecessor-version":[{"id":3515,"href":"http:\/\/stadtteiloper-bremen.de\/index.php?rest_route=\/wp\/v2\/posts\/3507\/revisions\/3515"}],"wp:featuredmedia":[{"embeddable":true,"href":"http:\/\/stadtteiloper-bremen.de\/index.php?rest_route=\/wp\/v2\/media\/3510"}],"wp:attachment":[{"href":"http:\/\/stadtteiloper-bremen.de\/index.php?rest_route=%2Fwp%2Fv2%2Fmedia&parent=3507"}],"wp:term":[{"taxonomy":"category","embeddable":true,"href":"http:\/\/stadtteiloper-bremen.de\/index.php?rest_route=%2Fwp%2Fv2%2Fcategories&post=3507"},{"taxonomy":"post_tag","embeddable":true,"href":"http:\/\/stadtteiloper-bremen.de\/index.php?rest_route=%2Fwp%2Fv2%2Ftags&post=3507"}],"curies":[{"name":"wp","href":"https:\/\/api.w.org\/{rel}","templated":true}]}}