{"id":5428,"date":"2017-05-07T13:27:41","date_gmt":"2017-05-07T11:27:41","guid":{"rendered":"http:\/\/stadtteiloper-bremen.de\/?p=5428"},"modified":"2017-05-07T13:27:41","modified_gmt":"2017-05-07T11:27:41","slug":"ok-noch-mal","status":"publish","type":"post","link":"http:\/\/stadtteiloper-bremen.de\/?p=5428","title":{"rendered":"OK, noch mal!"},"content":{"rendered":"<p>Junge, Junge, das ist echt anstrengend &#8211; f\u00fcr den Regisseur wie f\u00fcr die probenden Schauspieler. Geduldig und konzentriert l\u00e4sst sich diese Gruppe von Mendelkindern auf das ewige Wiederholen ein &#8211; und noch mal &#8211; und noch mal, usw. Und das Doofe ist irgendwie bei so einer Auff\u00fchrung, dass &#8211; wenn alles klappt &#8211; keiner merkt, wieviel Arbeit und Geduld dahinter steckt (Und so soll es ja auch sein).<\/p>\n<p>Mendelkinder: Devi, Sebastian, Ram und Rizgar.<\/p>\n<div style=\"width: 625px;\" class=\"wp-video\"><!--[if lt IE 9]><script>document.createElement('video');<\/script><![endif]-->\n<video class=\"wp-video-shortcode\" id=\"video-5428-1\" width=\"625\" height=\"351\" poster=\"http:\/\/stadtteiloper-bremen.de\/wp-content\/uploads\/2017\/05\/OK-Nochmal-m4v-image.jpg\" preload=\"metadata\" controls=\"controls\"><source type=\"video\/mp4\" src=\"http:\/\/stadtteiloper-bremen.de\/wp-content\/uploads\/2017\/05\/OK-Nochmal.m4v?_=1\" \/><a href=\"http:\/\/stadtteiloper-bremen.de\/wp-content\/uploads\/2017\/05\/OK-Nochmal.m4v\">http:\/\/stadtteiloper-bremen.de\/wp-content\/uploads\/2017\/05\/OK-Nochmal.m4v<\/a><\/video><\/div>\n","protected":false},"excerpt":{"rendered":"<p>Junge, Junge, das ist echt anstrengend &#8211; f\u00fcr den Regisseur wie f\u00fcr die probenden Schauspieler. Geduldig und konzentriert l\u00e4sst sich diese Gruppe von Mendelkindern auf das ewige Wiederholen ein &#8211; und noch mal &#8211; und noch mal, usw. Und das Doofe ist irgendwie bei so einer Auff\u00fchrung, dass &#8211; wenn alles klappt &#8211; keiner merkt, [&hellip;]<\/p>\n","protected":false},"author":2,"featured_media":5431,"comment_status":"open","ping_status":"open","sticky":false,"template":"","format":"standard","meta":{"footnotes":""},"categories":[34,6,5,16],"tags":[],"class_list":["post-5428","post","type-post","status-publish","format-standard","has-post-thumbnail","hentry","category-amerika","category-regie","category-theater","category-video"],"_links":{"self":[{"href":"http:\/\/stadtteiloper-bremen.de\/index.php?rest_route=\/wp\/v2\/posts\/5428","targetHints":{"allow":["GET"]}}],"collection":[{"href":"http:\/\/stadtteiloper-bremen.de\/index.php?rest_route=\/wp\/v2\/posts"}],"about":[{"href":"http:\/\/stadtteiloper-bremen.de\/index.php?rest_route=\/wp\/v2\/types\/post"}],"author":[{"embeddable":true,"href":"http:\/\/stadtteiloper-bremen.de\/index.php?rest_route=\/wp\/v2\/users\/2"}],"replies":[{"embeddable":true,"href":"http:\/\/stadtteiloper-bremen.de\/index.php?rest_route=%2Fwp%2Fv2%2Fcomments&post=5428"}],"version-history":[{"count":1,"href":"http:\/\/stadtteiloper-bremen.de\/index.php?rest_route=\/wp\/v2\/posts\/5428\/revisions"}],"predecessor-version":[{"id":5432,"href":"http:\/\/stadtteiloper-bremen.de\/index.php?rest_route=\/wp\/v2\/posts\/5428\/revisions\/5432"}],"wp:featuredmedia":[{"embeddable":true,"href":"http:\/\/stadtteiloper-bremen.de\/index.php?rest_route=\/wp\/v2\/media\/5431"}],"wp:attachment":[{"href":"http:\/\/stadtteiloper-bremen.de\/index.php?rest_route=%2Fwp%2Fv2%2Fmedia&parent=5428"}],"wp:term":[{"taxonomy":"category","embeddable":true,"href":"http:\/\/stadtteiloper-bremen.de\/index.php?rest_route=%2Fwp%2Fv2%2Fcategories&post=5428"},{"taxonomy":"post_tag","embeddable":true,"href":"http:\/\/stadtteiloper-bremen.de\/index.php?rest_route=%2Fwp%2Fv2%2Ftags&post=5428"}],"curies":[{"name":"wp","href":"https:\/\/api.w.org\/{rel}","templated":true}]}}