{"id":5441,"date":"2017-05-08T14:31:32","date_gmt":"2017-05-08T12:31:32","guid":{"rendered":"http:\/\/stadtteiloper-bremen.de\/?p=5441"},"modified":"2017-05-08T14:38:10","modified_gmt":"2017-05-08T12:38:10","slug":"ganz-grosse-begruessung","status":"publish","type":"post","link":"http:\/\/stadtteiloper-bremen.de\/?p=5441","title":{"rendered":"Ganz grosse Begr\u00fcssung!"},"content":{"rendered":"<p>Mac trifft\u00a0endlich seine Freunde wieder. \u00dcberschw\u00e4nglich begr\u00fcsst er sie auf den Strassen von New York, wo anscheinend ordentlich abgedanced wird. Z\u00f6gernd lassen sich Tochter Mirjam und Mutter Deborah darauf ein. Dancing in the streets!<\/p>\n<p>Deborah (Julie Comparini),\u00a0\u00a0Mirjam (Pia Bohnert) und Mac (Jerome, GSO). Sheldon Baxter ist hier Mitglied der Zylinder-Gruppe. Sein Zylinder wird noch vergoldet.<\/p>\n<p><a href=\"http:\/\/stadtteiloper-bremen.de\/wp-content\/uploads\/2017\/05\/dancin-on-the-streetx1.jpg\" rel=\"wpdevart_lightbox\"><img loading=\"lazy\" decoding=\"async\" class=\"alignleft size-thumbnail wp-image-5448\" src=\"http:\/\/stadtteiloper-bremen.de\/wp-content\/uploads\/2017\/05\/dancin-on-the-streetx1-180x180.jpg\" alt=\"\" width=\"180\" height=\"180\" srcset=\"http:\/\/stadtteiloper-bremen.de\/wp-content\/uploads\/2017\/05\/dancin-on-the-streetx1-180x180.jpg 180w, http:\/\/stadtteiloper-bremen.de\/wp-content\/uploads\/2017\/05\/dancin-on-the-streetx1-250x250.jpg 250w, http:\/\/stadtteiloper-bremen.de\/wp-content\/uploads\/2017\/05\/dancin-on-the-streetx1-768x768.jpg 768w, http:\/\/stadtteiloper-bremen.de\/wp-content\/uploads\/2017\/05\/dancin-on-the-streetx1-624x624.jpg 624w, http:\/\/stadtteiloper-bremen.de\/wp-content\/uploads\/2017\/05\/dancin-on-the-streetx1.jpg 1328w\" sizes=\"auto, (max-width: 180px) 100vw, 180px\" \/><img loading=\"lazy\" decoding=\"async\" class=\"alignleft size-thumbnail wp-image-5444\" src=\"http:\/\/stadtteiloper-bremen.de\/wp-content\/uploads\/2017\/05\/dancin-on-the-street1-180x180.jpg\" alt=\"\" width=\"180\" height=\"180\" srcset=\"http:\/\/stadtteiloper-bremen.de\/wp-content\/uploads\/2017\/05\/dancin-on-the-street1-180x180.jpg 180w, http:\/\/stadtteiloper-bremen.de\/wp-content\/uploads\/2017\/05\/dancin-on-the-street1-250x250.jpg 250w, http:\/\/stadtteiloper-bremen.de\/wp-content\/uploads\/2017\/05\/dancin-on-the-street1-768x768.jpg 768w, http:\/\/stadtteiloper-bremen.de\/wp-content\/uploads\/2017\/05\/dancin-on-the-street1-624x624.jpg 624w, http:\/\/stadtteiloper-bremen.de\/wp-content\/uploads\/2017\/05\/dancin-on-the-street1.jpg 1500w\" sizes=\"auto, (max-width: 180px) 100vw, 180px\" \/><\/a> <a href=\"http:\/\/stadtteiloper-bremen.de\/wp-content\/uploads\/2017\/05\/dancin-on-the-street4.jpg\" rel=\"wpdevart_lightbox\"><img loading=\"lazy\" decoding=\"async\" class=\"alignleft size-thumbnail wp-image-5447\" src=\"http:\/\/stadtteiloper-bremen.de\/wp-content\/uploads\/2017\/05\/dancin-on-the-street4-180x180.jpg\" alt=\"\" width=\"180\" height=\"180\" srcset=\"http:\/\/stadtteiloper-bremen.de\/wp-content\/uploads\/2017\/05\/dancin-on-the-street4-180x180.jpg 180w, http:\/\/stadtteiloper-bremen.de\/wp-content\/uploads\/2017\/05\/dancin-on-the-street4-250x250.jpg 250w, http:\/\/stadtteiloper-bremen.de\/wp-content\/uploads\/2017\/05\/dancin-on-the-street4-768x768.jpg 768w, http:\/\/stadtteiloper-bremen.de\/wp-content\/uploads\/2017\/05\/dancin-on-the-street4-624x624.jpg 624w, http:\/\/stadtteiloper-bremen.de\/wp-content\/uploads\/2017\/05\/dancin-on-the-street4.jpg 1500w\" sizes=\"auto, (max-width: 180px) 100vw, 180px\" \/><\/a> <a href=\"http:\/\/stadtteiloper-bremen.de\/wp-content\/uploads\/2017\/05\/dancin-on-the-street3.jpg\" rel=\"wpdevart_lightbox\"><img loading=\"lazy\" decoding=\"async\" class=\"alignleft size-thumbnail wp-image-5446\" src=\"http:\/\/stadtteiloper-bremen.de\/wp-content\/uploads\/2017\/05\/dancin-on-the-street3-180x180.jpg\" alt=\"\" width=\"180\" height=\"180\" srcset=\"http:\/\/stadtteiloper-bremen.de\/wp-content\/uploads\/2017\/05\/dancin-on-the-street3-180x180.jpg 180w, http:\/\/stadtteiloper-bremen.de\/wp-content\/uploads\/2017\/05\/dancin-on-the-street3-250x250.jpg 250w, http:\/\/stadtteiloper-bremen.de\/wp-content\/uploads\/2017\/05\/dancin-on-the-street3-768x768.jpg 768w, http:\/\/stadtteiloper-bremen.de\/wp-content\/uploads\/2017\/05\/dancin-on-the-street3-624x624.jpg 624w, http:\/\/stadtteiloper-bremen.de\/wp-content\/uploads\/2017\/05\/dancin-on-the-street3.jpg 1500w\" sizes=\"auto, (max-width: 180px) 100vw, 180px\" \/><\/a> <a href=\"http:\/\/stadtteiloper-bremen.de\/wp-content\/uploads\/2017\/05\/dancin-on-the-street2.jpg\" rel=\"wpdevart_lightbox\"><img loading=\"lazy\" decoding=\"async\" class=\"alignleft size-thumbnail wp-image-5445\" src=\"http:\/\/stadtteiloper-bremen.de\/wp-content\/uploads\/2017\/05\/dancin-on-the-street2-180x180.jpg\" alt=\"\" width=\"180\" height=\"180\" srcset=\"http:\/\/stadtteiloper-bremen.de\/wp-content\/uploads\/2017\/05\/dancin-on-the-street2-180x180.jpg 180w, http:\/\/stadtteiloper-bremen.de\/wp-content\/uploads\/2017\/05\/dancin-on-the-street2-250x250.jpg 250w, http:\/\/stadtteiloper-bremen.de\/wp-content\/uploads\/2017\/05\/dancin-on-the-street2-768x768.jpg 768w, http:\/\/stadtteiloper-bremen.de\/wp-content\/uploads\/2017\/05\/dancin-on-the-street2-624x624.jpg 624w, http:\/\/stadtteiloper-bremen.de\/wp-content\/uploads\/2017\/05\/dancin-on-the-street2.jpg 1500w\" sizes=\"auto, (max-width: 180px) 100vw, 180px\" \/><\/a><\/p>\n<div style=\"width: 625px;\" class=\"wp-video\"><!--[if lt IE 9]><script>document.createElement('video');<\/script><![endif]-->\n<video class=\"wp-video-shortcode\" id=\"video-5441-1\" width=\"625\" height=\"351\" poster=\"http:\/\/stadtteiloper-bremen.de\/wp-content\/uploads\/2017\/05\/begr\u00fcssungstanz-m4v-image.jpg\" preload=\"metadata\" controls=\"controls\"><source type=\"video\/mp4\" src=\"http:\/\/stadtteiloper-bremen.de\/wp-content\/uploads\/2017\/05\/begr\u00fcssungstanz.m4v?_=1\" \/><a href=\"http:\/\/stadtteiloper-bremen.de\/wp-content\/uploads\/2017\/05\/begr\u00fcssungstanz.m4v\">http:\/\/stadtteiloper-bremen.de\/wp-content\/uploads\/2017\/05\/begr\u00fcssungstanz.m4v<\/a><\/video><\/div>\n","protected":false},"excerpt":{"rendered":"<p>Mac trifft\u00a0endlich seine Freunde wieder. \u00dcberschw\u00e4nglich begr\u00fcsst er sie auf den Strassen von New York, wo anscheinend ordentlich abgedanced wird. Z\u00f6gernd lassen sich Tochter Mirjam und Mutter Deborah darauf ein. Dancing in the streets! Deborah (Julie Comparini),\u00a0\u00a0Mirjam (Pia Bohnert) und Mac (Jerome, GSO). Sheldon Baxter ist hier Mitglied der Zylinder-Gruppe. Sein Zylinder wird noch vergoldet.<\/p>\n","protected":false},"author":2,"featured_media":5449,"comment_status":"open","ping_status":"open","sticky":false,"template":"","format":"standard","meta":{"footnotes":""},"categories":[1,34,6,26,5],"tags":[],"class_list":["post-5441","post","type-post","status-publish","format-standard","has-post-thumbnail","hentry","category-allgemein","category-amerika","category-regie","category-solisten","category-theater"],"_links":{"self":[{"href":"http:\/\/stadtteiloper-bremen.de\/index.php?rest_route=\/wp\/v2\/posts\/5441","targetHints":{"allow":["GET"]}}],"collection":[{"href":"http:\/\/stadtteiloper-bremen.de\/index.php?rest_route=\/wp\/v2\/posts"}],"about":[{"href":"http:\/\/stadtteiloper-bremen.de\/index.php?rest_route=\/wp\/v2\/types\/post"}],"author":[{"embeddable":true,"href":"http:\/\/stadtteiloper-bremen.de\/index.php?rest_route=\/wp\/v2\/users\/2"}],"replies":[{"embeddable":true,"href":"http:\/\/stadtteiloper-bremen.de\/index.php?rest_route=%2Fwp%2Fv2%2Fcomments&post=5441"}],"version-history":[{"count":2,"href":"http:\/\/stadtteiloper-bremen.de\/index.php?rest_route=\/wp\/v2\/posts\/5441\/revisions"}],"predecessor-version":[{"id":5451,"href":"http:\/\/stadtteiloper-bremen.de\/index.php?rest_route=\/wp\/v2\/posts\/5441\/revisions\/5451"}],"wp:featuredmedia":[{"embeddable":true,"href":"http:\/\/stadtteiloper-bremen.de\/index.php?rest_route=\/wp\/v2\/media\/5449"}],"wp:attachment":[{"href":"http:\/\/stadtteiloper-bremen.de\/index.php?rest_route=%2Fwp%2Fv2%2Fmedia&parent=5441"}],"wp:term":[{"taxonomy":"category","embeddable":true,"href":"http:\/\/stadtteiloper-bremen.de\/index.php?rest_route=%2Fwp%2Fv2%2Fcategories&post=5441"},{"taxonomy":"post_tag","embeddable":true,"href":"http:\/\/stadtteiloper-bremen.de\/index.php?rest_route=%2Fwp%2Fv2%2Ftags&post=5441"}],"curies":[{"name":"wp","href":"https:\/\/api.w.org\/{rel}","templated":true}]}}