{"id":6520,"date":"2017-09-10T17:50:35","date_gmt":"2017-09-10T15:50:35","guid":{"rendered":"http:\/\/stadtteiloper-bremen.de\/?p=6520"},"modified":"2017-09-13T16:57:06","modified_gmt":"2017-09-13T14:57:06","slug":"eroeffnung-der-ausstellung","status":"publish","type":"post","link":"http:\/\/stadtteiloper-bremen.de\/?p=6520","title":{"rendered":"Er\u00f6ffnung der Ausstellung"},"content":{"rendered":"<p>P\u00fcnktlich um 17.00 h\u00f6rte man von Ferne die Bl\u00e4ser der 9.1 und 10.1 mit der Battlehymn anmarschieren. Ein sch\u00f6ner Effekt &#8211; erst ganz weit hinten, dann immer lauter werdend, schliesslich um die Ecke biegend und voll pr\u00e4sent im Foyer der Schule auftrumpfend. Frau Lea Fink vom Zukunftslabor hielt eine einleitende Rede, die Klassen\u00a0 7.3 und 9.3 f\u00fchrten im unteren Teil des Foyers T\u00e4nze aus dem ersten Teil der Oper auf &#8211; teilweise begleitet von Lea Fink (Klavier), Klaus Heidemann (Bratsche) und Timofei Bekassov, Geige.<\/p>\n<p>Danach sprach Frau Staatssekret\u00e4ring Emigholz. Sie wies eindringlich auf die Bedeutung solcher Projekte f\u00fcr die Lebendigkeit unserer Demokratie hin. Der Direktor Hans Utz dankte allen Beteiligten f\u00fcr ihr Engagement und der Chor aus der 7.5 und der 8.4 sang den Schluss der Oper: \u201eShall we gather at the river\u201c. Die Presse war da, viele Eltern und Sch\u00fcler und Mitarbeiter der Deutschen Kammerphilharmonie waren als interessierte Besucher anwesend. Und die S\u00fcssigkeiten waren amerikanisch dekoriert.<\/p>\n<p>Der Weser-Kurier berichtete <span style=\"color: #ff0000;\"><a href=\"https:\/\/www.weser-kurier.de\/bremen\/stadtteile\/stadtteile-bremen-suedost_artikel,-menuchims-reise-in-bildern-_arid,1646010.html\">hier<\/a><\/span>.<\/p>\n<p><a href=\"http:\/\/stadtteiloper-bremen.de\/wp-content\/uploads\/2017\/09\/vernissage04.jpg\" rel=\"wpdevart_lightbox\"><img loading=\"lazy\" decoding=\"async\" class=\"alignleft size-thumbnail wp-image-6540\" src=\"http:\/\/stadtteiloper-bremen.de\/wp-content\/uploads\/2017\/09\/vernissage04-180x180.jpg\" alt=\"\" width=\"180\" height=\"180\" srcset=\"http:\/\/stadtteiloper-bremen.de\/wp-content\/uploads\/2017\/09\/vernissage04-180x180.jpg 180w, http:\/\/stadtteiloper-bremen.de\/wp-content\/uploads\/2017\/09\/vernissage04-250x250.jpg 250w, http:\/\/stadtteiloper-bremen.de\/wp-content\/uploads\/2017\/09\/vernissage04-768x768.jpg 768w, http:\/\/stadtteiloper-bremen.de\/wp-content\/uploads\/2017\/09\/vernissage04-624x624.jpg 624w, http:\/\/stadtteiloper-bremen.de\/wp-content\/uploads\/2017\/09\/vernissage04.jpg 1500w\" sizes=\"auto, (max-width: 180px) 100vw, 180px\" \/><\/a><a href=\"http:\/\/stadtteiloper-bremen.de\/wp-content\/uploads\/2017\/09\/vernissage06.jpg\" rel=\"wpdevart_lightbox\"><img loading=\"lazy\" decoding=\"async\" class=\"alignleft size-thumbnail wp-image-6542\" src=\"http:\/\/stadtteiloper-bremen.de\/wp-content\/uploads\/2017\/09\/vernissage06-180x180.jpg\" alt=\"\" width=\"180\" height=\"180\" srcset=\"http:\/\/stadtteiloper-bremen.de\/wp-content\/uploads\/2017\/09\/vernissage06-180x180.jpg 180w, http:\/\/stadtteiloper-bremen.de\/wp-content\/uploads\/2017\/09\/vernissage06-250x250.jpg 250w, http:\/\/stadtteiloper-bremen.de\/wp-content\/uploads\/2017\/09\/vernissage06-768x768.jpg 768w, http:\/\/stadtteiloper-bremen.de\/wp-content\/uploads\/2017\/09\/vernissage06-624x624.jpg 624w, http:\/\/stadtteiloper-bremen.de\/wp-content\/uploads\/2017\/09\/vernissage06.jpg 1500w\" sizes=\"auto, (max-width: 180px) 100vw, 180px\" \/><\/a><a href=\"http:\/\/stadtteiloper-bremen.de\/wp-content\/uploads\/2017\/09\/vernissage05.jpg\" rel=\"wpdevart_lightbox\"><img loading=\"lazy\" decoding=\"async\" class=\"alignleft size-thumbnail wp-image-6541\" src=\"http:\/\/stadtteiloper-bremen.de\/wp-content\/uploads\/2017\/09\/vernissage05-180x180.jpg\" alt=\"\" width=\"180\" height=\"180\" srcset=\"http:\/\/stadtteiloper-bremen.de\/wp-content\/uploads\/2017\/09\/vernissage05-180x180.jpg 180w, http:\/\/stadtteiloper-bremen.de\/wp-content\/uploads\/2017\/09\/vernissage05-250x250.jpg 250w, http:\/\/stadtteiloper-bremen.de\/wp-content\/uploads\/2017\/09\/vernissage05-768x768.jpg 768w, http:\/\/stadtteiloper-bremen.de\/wp-content\/uploads\/2017\/09\/vernissage05-624x624.jpg 624w, http:\/\/stadtteiloper-bremen.de\/wp-content\/uploads\/2017\/09\/vernissage05.jpg 1500w\" sizes=\"auto, (max-width: 180px) 100vw, 180px\" \/><\/a><a href=\"http:\/\/stadtteiloper-bremen.de\/wp-content\/uploads\/2017\/09\/vernissage12.jpg\" rel=\"wpdevart_lightbox\"><img loading=\"lazy\" decoding=\"async\" class=\"alignleft size-thumbnail wp-image-6547\" src=\"http:\/\/stadtteiloper-bremen.de\/wp-content\/uploads\/2017\/09\/vernissage12-180x180.jpg\" alt=\"\" width=\"180\" height=\"180\" srcset=\"http:\/\/stadtteiloper-bremen.de\/wp-content\/uploads\/2017\/09\/vernissage12-180x180.jpg 180w, http:\/\/stadtteiloper-bremen.de\/wp-content\/uploads\/2017\/09\/vernissage12-250x250.jpg 250w, http:\/\/stadtteiloper-bremen.de\/wp-content\/uploads\/2017\/09\/vernissage12-768x768.jpg 768w, http:\/\/stadtteiloper-bremen.de\/wp-content\/uploads\/2017\/09\/vernissage12-624x624.jpg 624w, http:\/\/stadtteiloper-bremen.de\/wp-content\/uploads\/2017\/09\/vernissage12.jpg 1500w\" sizes=\"auto, (max-width: 180px) 100vw, 180px\" \/><\/a><a href=\"http:\/\/stadtteiloper-bremen.de\/wp-content\/uploads\/2017\/09\/IMG_7359.jpg\" rel=\"wpdevart_lightbox\"><img loading=\"lazy\" decoding=\"async\" class=\"alignleft size-thumbnail wp-image-6531\" src=\"http:\/\/stadtteiloper-bremen.de\/wp-content\/uploads\/2017\/09\/IMG_7359-180x180.jpg\" alt=\"\" width=\"180\" height=\"180\" \/><\/a><br \/>\n<a href=\"http:\/\/stadtteiloper-bremen.de\/wp-content\/uploads\/2017\/09\/vernissage10.jpg\" rel=\"wpdevart_lightbox\"><img loading=\"lazy\" decoding=\"async\" class=\"alignleft size-thumbnail wp-image-6545\" src=\"http:\/\/stadtteiloper-bremen.de\/wp-content\/uploads\/2017\/09\/vernissage10-180x180.jpg\" alt=\"\" width=\"180\" height=\"180\" srcset=\"http:\/\/stadtteiloper-bremen.de\/wp-content\/uploads\/2017\/09\/vernissage10-180x180.jpg 180w, http:\/\/stadtteiloper-bremen.de\/wp-content\/uploads\/2017\/09\/vernissage10-250x250.jpg 250w, http:\/\/stadtteiloper-bremen.de\/wp-content\/uploads\/2017\/09\/vernissage10-768x768.jpg 768w, http:\/\/stadtteiloper-bremen.de\/wp-content\/uploads\/2017\/09\/vernissage10-624x624.jpg 624w, http:\/\/stadtteiloper-bremen.de\/wp-content\/uploads\/2017\/09\/vernissage10.jpg 1500w\" sizes=\"auto, (max-width: 180px) 100vw, 180px\" \/><\/a><br \/>\n<a href=\"http:\/\/stadtteiloper-bremen.de\/wp-content\/uploads\/2017\/09\/vernissage07.jpg\" rel=\"wpdevart_lightbox\"><img loading=\"lazy\" decoding=\"async\" class=\"alignleft size-thumbnail wp-image-6543\" src=\"http:\/\/stadtteiloper-bremen.de\/wp-content\/uploads\/2017\/09\/vernissage07-180x180.jpg\" alt=\"\" width=\"180\" height=\"180\" srcset=\"http:\/\/stadtteiloper-bremen.de\/wp-content\/uploads\/2017\/09\/vernissage07-180x180.jpg 180w, http:\/\/stadtteiloper-bremen.de\/wp-content\/uploads\/2017\/09\/vernissage07-250x250.jpg 250w, http:\/\/stadtteiloper-bremen.de\/wp-content\/uploads\/2017\/09\/vernissage07-768x768.jpg 768w, http:\/\/stadtteiloper-bremen.de\/wp-content\/uploads\/2017\/09\/vernissage07-624x624.jpg 624w, http:\/\/stadtteiloper-bremen.de\/wp-content\/uploads\/2017\/09\/vernissage07.jpg 1500w\" sizes=\"auto, (max-width: 180px) 100vw, 180px\" \/><\/a><a href=\"http:\/\/stadtteiloper-bremen.de\/wp-content\/uploads\/2017\/09\/vernissage02.jpg\" rel=\"wpdevart_lightbox\"><img loading=\"lazy\" decoding=\"async\" class=\"alignleft size-thumbnail wp-image-6538\" src=\"http:\/\/stadtteiloper-bremen.de\/wp-content\/uploads\/2017\/09\/vernissage02-180x180.jpg\" alt=\"\" width=\"180\" height=\"180\" srcset=\"http:\/\/stadtteiloper-bremen.de\/wp-content\/uploads\/2017\/09\/vernissage02-180x180.jpg 180w, http:\/\/stadtteiloper-bremen.de\/wp-content\/uploads\/2017\/09\/vernissage02-250x250.jpg 250w, http:\/\/stadtteiloper-bremen.de\/wp-content\/uploads\/2017\/09\/vernissage02-768x768.jpg 768w, http:\/\/stadtteiloper-bremen.de\/wp-content\/uploads\/2017\/09\/vernissage02-624x624.jpg 624w, http:\/\/stadtteiloper-bremen.de\/wp-content\/uploads\/2017\/09\/vernissage02.jpg 1500w\" sizes=\"auto, (max-width: 180px) 100vw, 180px\" \/><\/a><a href=\"http:\/\/stadtteiloper-bremen.de\/wp-content\/uploads\/2017\/09\/vernissage01.jpg\" rel=\"wpdevart_lightbox\"><img loading=\"lazy\" decoding=\"async\" class=\"alignleft size-thumbnail wp-image-6537\" src=\"http:\/\/stadtteiloper-bremen.de\/wp-content\/uploads\/2017\/09\/vernissage01-180x180.jpg\" alt=\"\" width=\"180\" height=\"180\" srcset=\"http:\/\/stadtteiloper-bremen.de\/wp-content\/uploads\/2017\/09\/vernissage01-180x180.jpg 180w, http:\/\/stadtteiloper-bremen.de\/wp-content\/uploads\/2017\/09\/vernissage01-250x250.jpg 250w, http:\/\/stadtteiloper-bremen.de\/wp-content\/uploads\/2017\/09\/vernissage01-768x768.jpg 768w, http:\/\/stadtteiloper-bremen.de\/wp-content\/uploads\/2017\/09\/vernissage01-624x624.jpg 624w, http:\/\/stadtteiloper-bremen.de\/wp-content\/uploads\/2017\/09\/vernissage01.jpg 1500w\" sizes=\"auto, (max-width: 180px) 100vw, 180px\" \/><\/a><a href=\"http:\/\/stadtteiloper-bremen.de\/wp-content\/uploads\/2017\/09\/vernissage15.jpg\" rel=\"wpdevart_lightbox\"><img loading=\"lazy\" decoding=\"async\" class=\"alignleft size-thumbnail wp-image-6550\" src=\"http:\/\/stadtteiloper-bremen.de\/wp-content\/uploads\/2017\/09\/vernissage15-180x180.jpg\" alt=\"\" width=\"180\" height=\"180\" srcset=\"http:\/\/stadtteiloper-bremen.de\/wp-content\/uploads\/2017\/09\/vernissage15-180x180.jpg 180w, http:\/\/stadtteiloper-bremen.de\/wp-content\/uploads\/2017\/09\/vernissage15-250x250.jpg 250w, http:\/\/stadtteiloper-bremen.de\/wp-content\/uploads\/2017\/09\/vernissage15-768x768.jpg 768w, http:\/\/stadtteiloper-bremen.de\/wp-content\/uploads\/2017\/09\/vernissage15-624x624.jpg 624w, http:\/\/stadtteiloper-bremen.de\/wp-content\/uploads\/2017\/09\/vernissage15.jpg 1500w\" sizes=\"auto, (max-width: 180px) 100vw, 180px\" \/><\/a><a href=\"http:\/\/stadtteiloper-bremen.de\/wp-content\/uploads\/2017\/09\/vernissage14.jpg\" rel=\"wpdevart_lightbox\"><img loading=\"lazy\" decoding=\"async\" class=\"alignleft size-thumbnail wp-image-6549\" src=\"http:\/\/stadtteiloper-bremen.de\/wp-content\/uploads\/2017\/09\/vernissage14-180x180.jpg\" alt=\"\" width=\"180\" height=\"180\" srcset=\"http:\/\/stadtteiloper-bremen.de\/wp-content\/uploads\/2017\/09\/vernissage14-180x180.jpg 180w, http:\/\/stadtteiloper-bremen.de\/wp-content\/uploads\/2017\/09\/vernissage14-250x250.jpg 250w, http:\/\/stadtteiloper-bremen.de\/wp-content\/uploads\/2017\/09\/vernissage14-768x768.jpg 768w, http:\/\/stadtteiloper-bremen.de\/wp-content\/uploads\/2017\/09\/vernissage14-624x624.jpg 624w, http:\/\/stadtteiloper-bremen.de\/wp-content\/uploads\/2017\/09\/vernissage14.jpg 1500w\" sizes=\"auto, (max-width: 180px) 100vw, 180px\" \/><\/a><a href=\"http:\/\/stadtteiloper-bremen.de\/wp-content\/uploads\/2017\/09\/vernissage13.jpg\" rel=\"wpdevart_lightbox\"><img loading=\"lazy\" decoding=\"async\" class=\"alignleft size-thumbnail wp-image-6548\" src=\"http:\/\/stadtteiloper-bremen.de\/wp-content\/uploads\/2017\/09\/vernissage13-180x180.jpg\" alt=\"\" width=\"180\" height=\"180\" srcset=\"http:\/\/stadtteiloper-bremen.de\/wp-content\/uploads\/2017\/09\/vernissage13-180x180.jpg 180w, http:\/\/stadtteiloper-bremen.de\/wp-content\/uploads\/2017\/09\/vernissage13-250x250.jpg 250w, http:\/\/stadtteiloper-bremen.de\/wp-content\/uploads\/2017\/09\/vernissage13-768x768.jpg 768w, http:\/\/stadtteiloper-bremen.de\/wp-content\/uploads\/2017\/09\/vernissage13-624x624.jpg 624w, http:\/\/stadtteiloper-bremen.de\/wp-content\/uploads\/2017\/09\/vernissage13.jpg 1500w\" sizes=\"auto, (max-width: 180px) 100vw, 180px\" \/><\/a><\/p>\n","protected":false},"excerpt":{"rendered":"<p>P\u00fcnktlich um 17.00 h\u00f6rte man von Ferne die Bl\u00e4ser der 9.1 und 10.1 mit der Battlehymn anmarschieren. Ein sch\u00f6ner Effekt &#8211; erst ganz weit hinten, dann immer lauter werdend, schliesslich um die Ecke biegend und voll pr\u00e4sent im Foyer der Schule auftrumpfend. Frau Lea Fink vom Zukunftslabor hielt eine einleitende Rede, die Klassen\u00a0 7.3 und [&hellip;]<\/p>\n","protected":false},"author":2,"featured_media":6551,"comment_status":"open","ping_status":"open","sticky":false,"template":"","format":"standard","meta":{"footnotes":""},"categories":[1],"tags":[],"class_list":["post-6520","post","type-post","status-publish","format-standard","has-post-thumbnail","hentry","category-allgemein"],"_links":{"self":[{"href":"http:\/\/stadtteiloper-bremen.de\/index.php?rest_route=\/wp\/v2\/posts\/6520","targetHints":{"allow":["GET"]}}],"collection":[{"href":"http:\/\/stadtteiloper-bremen.de\/index.php?rest_route=\/wp\/v2\/posts"}],"about":[{"href":"http:\/\/stadtteiloper-bremen.de\/index.php?rest_route=\/wp\/v2\/types\/post"}],"author":[{"embeddable":true,"href":"http:\/\/stadtteiloper-bremen.de\/index.php?rest_route=\/wp\/v2\/users\/2"}],"replies":[{"embeddable":true,"href":"http:\/\/stadtteiloper-bremen.de\/index.php?rest_route=%2Fwp%2Fv2%2Fcomments&post=6520"}],"version-history":[{"count":3,"href":"http:\/\/stadtteiloper-bremen.de\/index.php?rest_route=\/wp\/v2\/posts\/6520\/revisions"}],"predecessor-version":[{"id":6554,"href":"http:\/\/stadtteiloper-bremen.de\/index.php?rest_route=\/wp\/v2\/posts\/6520\/revisions\/6554"}],"wp:featuredmedia":[{"embeddable":true,"href":"http:\/\/stadtteiloper-bremen.de\/index.php?rest_route=\/wp\/v2\/media\/6551"}],"wp:attachment":[{"href":"http:\/\/stadtteiloper-bremen.de\/index.php?rest_route=%2Fwp%2Fv2%2Fmedia&parent=6520"}],"wp:term":[{"taxonomy":"category","embeddable":true,"href":"http:\/\/stadtteiloper-bremen.de\/index.php?rest_route=%2Fwp%2Fv2%2Fcategories&post=6520"},{"taxonomy":"post_tag","embeddable":true,"href":"http:\/\/stadtteiloper-bremen.de\/index.php?rest_route=%2Fwp%2Fv2%2Ftags&post=6520"}],"curies":[{"name":"wp","href":"https:\/\/api.w.org\/{rel}","templated":true}]}}