{"id":6652,"date":"2017-11-30T15:33:51","date_gmt":"2017-11-30T14:33:51","guid":{"rendered":"http:\/\/stadtteiloper-bremen.de\/?p=6652"},"modified":"2017-12-04T18:38:55","modified_gmt":"2017-12-04T17:38:55","slug":"zukunftslabor-mitmach-orchester-clowns-und-kinder","status":"publish","type":"post","link":"http:\/\/stadtteiloper-bremen.de\/?p=6652","title":{"rendered":"Zukunftslabor-Mitmach-Orchester: Clowns und Kinder"},"content":{"rendered":"<p>Das Mitmachorchester (aus dem &#8222;Sommer in Lesmona&#8220;) spielt Alfred Schnittkes &#8222;Clowns und Kinder&#8220; &#8211; den ersten Satz. Dazu hatten die Sch\u00fcler der 7.3 verr\u00fcckte Szenen entwickelt, die bei der Auff\u00fchrung als Video eingespielt wurden. Hier das Video und ein Ausschnitt aus der Auff\u00fchrung. Die Klasse 7.3 war leider in diesen Tagen auf Klassenfahrt.<\/p>\n<div style=\"width: 625px;\" class=\"wp-video\"><!--[if lt IE 9]><script>document.createElement('video');<\/script><![endif]-->\n<video class=\"wp-video-shortcode\" id=\"video-6652-1\" width=\"625\" height=\"351\" poster=\"http:\/\/stadtteiloper-bremen.de\/wp-content\/uploads\/2017\/11\/silly-walks-m4v-image.jpg\" preload=\"metadata\" controls=\"controls\"><source type=\"video\/mp4\" src=\"http:\/\/stadtteiloper-bremen.de\/wp-content\/uploads\/2017\/11\/silly-walks.m4v?_=1\" \/><a href=\"http:\/\/stadtteiloper-bremen.de\/wp-content\/uploads\/2017\/11\/silly-walks.m4v\">http:\/\/stadtteiloper-bremen.de\/wp-content\/uploads\/2017\/11\/silly-walks.m4v<\/a><\/video><\/div>\n<p>&nbsp;<\/p>\n<div style=\"width: 625px;\" class=\"wp-video\"><video class=\"wp-video-shortcode\" id=\"video-6652-2\" width=\"625\" height=\"351\" poster=\"http:\/\/stadtteiloper-bremen.de\/wp-content\/uploads\/2017\/11\/Clip-35-m4v-image.jpg\" preload=\"metadata\" controls=\"controls\"><source type=\"video\/mp4\" src=\"http:\/\/stadtteiloper-bremen.de\/wp-content\/uploads\/2017\/11\/Clip-35.m4v?_=2\" \/><a href=\"http:\/\/stadtteiloper-bremen.de\/wp-content\/uploads\/2017\/11\/Clip-35.m4v\">http:\/\/stadtteiloper-bremen.de\/wp-content\/uploads\/2017\/11\/Clip-35.m4v<\/a><\/video><\/div>\n","protected":false},"excerpt":{"rendered":"<p>Das Mitmachorchester (aus dem &#8222;Sommer in Lesmona&#8220;) spielt Alfred Schnittkes &#8222;Clowns und Kinder&#8220; &#8211; den ersten Satz. Dazu hatten die Sch\u00fcler der 7.3 verr\u00fcckte Szenen entwickelt, die bei der Auff\u00fchrung als Video eingespielt wurden. Hier das Video und ein Ausschnitt aus der Auff\u00fchrung. Die Klasse 7.3 war leider in diesen Tagen auf Klassenfahrt. &nbsp;<\/p>\n","protected":false},"author":2,"featured_media":6657,"comment_status":"open","ping_status":"open","sticky":false,"template":"","format":"standard","meta":{"footnotes":""},"categories":[1,40,16],"tags":[],"class_list":["post-6652","post","type-post","status-publish","format-standard","has-post-thumbnail","hentry","category-allgemein","category-jubilaeum","category-video"],"_links":{"self":[{"href":"http:\/\/stadtteiloper-bremen.de\/index.php?rest_route=\/wp\/v2\/posts\/6652","targetHints":{"allow":["GET"]}}],"collection":[{"href":"http:\/\/stadtteiloper-bremen.de\/index.php?rest_route=\/wp\/v2\/posts"}],"about":[{"href":"http:\/\/stadtteiloper-bremen.de\/index.php?rest_route=\/wp\/v2\/types\/post"}],"author":[{"embeddable":true,"href":"http:\/\/stadtteiloper-bremen.de\/index.php?rest_route=\/wp\/v2\/users\/2"}],"replies":[{"embeddable":true,"href":"http:\/\/stadtteiloper-bremen.de\/index.php?rest_route=%2Fwp%2Fv2%2Fcomments&post=6652"}],"version-history":[{"count":5,"href":"http:\/\/stadtteiloper-bremen.de\/index.php?rest_route=\/wp\/v2\/posts\/6652\/revisions"}],"predecessor-version":[{"id":6662,"href":"http:\/\/stadtteiloper-bremen.de\/index.php?rest_route=\/wp\/v2\/posts\/6652\/revisions\/6662"}],"wp:featuredmedia":[{"embeddable":true,"href":"http:\/\/stadtteiloper-bremen.de\/index.php?rest_route=\/wp\/v2\/media\/6657"}],"wp:attachment":[{"href":"http:\/\/stadtteiloper-bremen.de\/index.php?rest_route=%2Fwp%2Fv2%2Fmedia&parent=6652"}],"wp:term":[{"taxonomy":"category","embeddable":true,"href":"http:\/\/stadtteiloper-bremen.de\/index.php?rest_route=%2Fwp%2Fv2%2Fcategories&post=6652"},{"taxonomy":"post_tag","embeddable":true,"href":"http:\/\/stadtteiloper-bremen.de\/index.php?rest_route=%2Fwp%2Fv2%2Ftags&post=6652"}],"curies":[{"name":"wp","href":"https:\/\/api.w.org\/{rel}","templated":true}]}}