{"id":7146,"date":"2019-06-24T15:44:11","date_gmt":"2019-06-24T13:44:11","guid":{"rendered":"http:\/\/stadtteiloper-bremen.de\/?p=7146"},"modified":"2019-06-24T15:44:11","modified_gmt":"2019-06-24T13:44:11","slug":"weitere-grusellaternen","status":"publish","type":"post","link":"http:\/\/stadtteiloper-bremen.de\/?p=7146","title":{"rendered":"Weitere Grusellaternen"},"content":{"rendered":"<p>Hier mit Unterst\u00fctzung von Jugendlichen mit Behinderung aus der <span style=\"color: #333399;\"><a style=\"color: #333399;\" href=\"https:\/\/www.awo-bremen.de\/psychosoziale-hilfen\/behinderte-menschen\/tagesf\u00f6rderst\u00e4tte-buntentor\">Tagesf\u00f6rderst\u00e4tte Buntento<\/a>r.<\/span> Die Klasse von Frau Spiess hat jeweils zwei Paten bestimmt, die mit den Jugendlichen aus dem Buntentor zusammengearbeitet haben. In den Werkst\u00e4tten dieser Behinderteneinrichtung wird auch ein grosser Vogel f\u00fcr die B\u00fchne erstellt werden.<\/p>\n<p><a href=\"http:\/\/stadtteiloper-bremen.de\/wp-content\/uploads\/2019\/06\/Laternen-1.jpg\" rel=\"wpdevart_lightbox\"><img loading=\"lazy\" decoding=\"async\" class=\"alignleft size-thumbnail wp-image-7147\" src=\"http:\/\/stadtteiloper-bremen.de\/wp-content\/uploads\/2019\/06\/Laternen-1-180x180.jpg\" alt=\"\" width=\"180\" height=\"180\" srcset=\"http:\/\/stadtteiloper-bremen.de\/wp-content\/uploads\/2019\/06\/Laternen-1-180x180.jpg 180w, http:\/\/stadtteiloper-bremen.de\/wp-content\/uploads\/2019\/06\/Laternen-1-250x250.jpg 250w, http:\/\/stadtteiloper-bremen.de\/wp-content\/uploads\/2019\/06\/Laternen-1-768x768.jpg 768w, http:\/\/stadtteiloper-bremen.de\/wp-content\/uploads\/2019\/06\/Laternen-1-624x624.jpg 624w, http:\/\/stadtteiloper-bremen.de\/wp-content\/uploads\/2019\/06\/Laternen-1.jpg 1500w\" sizes=\"auto, (max-width: 180px) 100vw, 180px\" \/><\/a> <a href=\"http:\/\/stadtteiloper-bremen.de\/wp-content\/uploads\/2019\/06\/Laternen-2.jpg\" rel=\"wpdevart_lightbox\"><img loading=\"lazy\" decoding=\"async\" class=\"alignleft size-thumbnail wp-image-7148\" src=\"http:\/\/stadtteiloper-bremen.de\/wp-content\/uploads\/2019\/06\/Laternen-2-180x180.jpg\" alt=\"\" width=\"180\" height=\"180\" srcset=\"http:\/\/stadtteiloper-bremen.de\/wp-content\/uploads\/2019\/06\/Laternen-2-180x180.jpg 180w, http:\/\/stadtteiloper-bremen.de\/wp-content\/uploads\/2019\/06\/Laternen-2-250x250.jpg 250w, http:\/\/stadtteiloper-bremen.de\/wp-content\/uploads\/2019\/06\/Laternen-2-768x768.jpg 768w, http:\/\/stadtteiloper-bremen.de\/wp-content\/uploads\/2019\/06\/Laternen-2-624x624.jpg 624w, http:\/\/stadtteiloper-bremen.de\/wp-content\/uploads\/2019\/06\/Laternen-2.jpg 1500w\" sizes=\"auto, (max-width: 180px) 100vw, 180px\" \/><\/a> <a href=\"http:\/\/stadtteiloper-bremen.de\/wp-content\/uploads\/2019\/06\/Laternen-3.jpg\" rel=\"wpdevart_lightbox\"><img loading=\"lazy\" decoding=\"async\" class=\"alignleft size-thumbnail wp-image-7149\" src=\"http:\/\/stadtteiloper-bremen.de\/wp-content\/uploads\/2019\/06\/Laternen-3-180x180.jpg\" alt=\"\" width=\"180\" height=\"180\" srcset=\"http:\/\/stadtteiloper-bremen.de\/wp-content\/uploads\/2019\/06\/Laternen-3-180x180.jpg 180w, http:\/\/stadtteiloper-bremen.de\/wp-content\/uploads\/2019\/06\/Laternen-3-250x250.jpg 250w, http:\/\/stadtteiloper-bremen.de\/wp-content\/uploads\/2019\/06\/Laternen-3-768x768.jpg 768w, http:\/\/stadtteiloper-bremen.de\/wp-content\/uploads\/2019\/06\/Laternen-3-624x624.jpg 624w, http:\/\/stadtteiloper-bremen.de\/wp-content\/uploads\/2019\/06\/Laternen-3.jpg 1500w\" sizes=\"auto, (max-width: 180px) 100vw, 180px\" \/><\/a> <a href=\"http:\/\/stadtteiloper-bremen.de\/wp-content\/uploads\/2019\/06\/Laternen-4.jpg\" rel=\"wpdevart_lightbox\"><img loading=\"lazy\" decoding=\"async\" class=\"alignleft size-thumbnail wp-image-7150\" src=\"http:\/\/stadtteiloper-bremen.de\/wp-content\/uploads\/2019\/06\/Laternen-4-180x180.jpg\" alt=\"\" width=\"180\" height=\"180\" srcset=\"http:\/\/stadtteiloper-bremen.de\/wp-content\/uploads\/2019\/06\/Laternen-4-180x180.jpg 180w, http:\/\/stadtteiloper-bremen.de\/wp-content\/uploads\/2019\/06\/Laternen-4-250x250.jpg 250w, http:\/\/stadtteiloper-bremen.de\/wp-content\/uploads\/2019\/06\/Laternen-4-768x768.jpg 768w, http:\/\/stadtteiloper-bremen.de\/wp-content\/uploads\/2019\/06\/Laternen-4-624x624.jpg 624w, http:\/\/stadtteiloper-bremen.de\/wp-content\/uploads\/2019\/06\/Laternen-4.jpg 1500w\" sizes=\"auto, (max-width: 180px) 100vw, 180px\" \/><\/a> <a href=\"http:\/\/stadtteiloper-bremen.de\/wp-content\/uploads\/2019\/06\/Laternen-5.jpg\" rel=\"wpdevart_lightbox\"><img loading=\"lazy\" decoding=\"async\" class=\"alignleft size-thumbnail wp-image-7151\" src=\"http:\/\/stadtteiloper-bremen.de\/wp-content\/uploads\/2019\/06\/Laternen-5-180x180.jpg\" alt=\"\" width=\"180\" height=\"180\" srcset=\"http:\/\/stadtteiloper-bremen.de\/wp-content\/uploads\/2019\/06\/Laternen-5-180x180.jpg 180w, http:\/\/stadtteiloper-bremen.de\/wp-content\/uploads\/2019\/06\/Laternen-5-250x250.jpg 250w, http:\/\/stadtteiloper-bremen.de\/wp-content\/uploads\/2019\/06\/Laternen-5-768x768.jpg 768w, http:\/\/stadtteiloper-bremen.de\/wp-content\/uploads\/2019\/06\/Laternen-5-624x624.jpg 624w, http:\/\/stadtteiloper-bremen.de\/wp-content\/uploads\/2019\/06\/Laternen-5.jpg 1500w\" sizes=\"auto, (max-width: 180px) 100vw, 180px\" \/><\/a> <a href=\"http:\/\/stadtteiloper-bremen.de\/wp-content\/uploads\/2019\/06\/Laternen-6.jpg\" rel=\"wpdevart_lightbox\"><img loading=\"lazy\" decoding=\"async\" class=\"alignleft size-thumbnail wp-image-7152\" src=\"http:\/\/stadtteiloper-bremen.de\/wp-content\/uploads\/2019\/06\/Laternen-6-180x180.jpg\" alt=\"\" width=\"180\" height=\"180\" srcset=\"http:\/\/stadtteiloper-bremen.de\/wp-content\/uploads\/2019\/06\/Laternen-6-180x180.jpg 180w, http:\/\/stadtteiloper-bremen.de\/wp-content\/uploads\/2019\/06\/Laternen-6-250x250.jpg 250w, http:\/\/stadtteiloper-bremen.de\/wp-content\/uploads\/2019\/06\/Laternen-6-768x768.jpg 768w, http:\/\/stadtteiloper-bremen.de\/wp-content\/uploads\/2019\/06\/Laternen-6-624x624.jpg 624w, http:\/\/stadtteiloper-bremen.de\/wp-content\/uploads\/2019\/06\/Laternen-6.jpg 1500w\" sizes=\"auto, (max-width: 180px) 100vw, 180px\" \/><\/a> <a href=\"http:\/\/stadtteiloper-bremen.de\/wp-content\/uploads\/2019\/06\/Laternen-7.jpg\" rel=\"wpdevart_lightbox\"><img loading=\"lazy\" decoding=\"async\" class=\"alignleft size-thumbnail wp-image-7153\" src=\"http:\/\/stadtteiloper-bremen.de\/wp-content\/uploads\/2019\/06\/Laternen-7-180x180.jpg\" alt=\"\" width=\"180\" height=\"180\" srcset=\"http:\/\/stadtteiloper-bremen.de\/wp-content\/uploads\/2019\/06\/Laternen-7-180x180.jpg 180w, http:\/\/stadtteiloper-bremen.de\/wp-content\/uploads\/2019\/06\/Laternen-7-250x250.jpg 250w, http:\/\/stadtteiloper-bremen.de\/wp-content\/uploads\/2019\/06\/Laternen-7-768x768.jpg 768w, http:\/\/stadtteiloper-bremen.de\/wp-content\/uploads\/2019\/06\/Laternen-7-624x624.jpg 624w, http:\/\/stadtteiloper-bremen.de\/wp-content\/uploads\/2019\/06\/Laternen-7.jpg 1500w\" sizes=\"auto, (max-width: 180px) 100vw, 180px\" \/><\/a> <a href=\"http:\/\/stadtteiloper-bremen.de\/wp-content\/uploads\/2019\/06\/Laternen-8.jpg\" rel=\"wpdevart_lightbox\"><img loading=\"lazy\" decoding=\"async\" class=\"alignleft size-thumbnail wp-image-7154\" src=\"http:\/\/stadtteiloper-bremen.de\/wp-content\/uploads\/2019\/06\/Laternen-8-180x180.jpg\" alt=\"\" width=\"180\" height=\"180\" srcset=\"http:\/\/stadtteiloper-bremen.de\/wp-content\/uploads\/2019\/06\/Laternen-8-180x180.jpg 180w, http:\/\/stadtteiloper-bremen.de\/wp-content\/uploads\/2019\/06\/Laternen-8-250x250.jpg 250w, http:\/\/stadtteiloper-bremen.de\/wp-content\/uploads\/2019\/06\/Laternen-8-768x768.jpg 768w, http:\/\/stadtteiloper-bremen.de\/wp-content\/uploads\/2019\/06\/Laternen-8-624x624.jpg 624w, http:\/\/stadtteiloper-bremen.de\/wp-content\/uploads\/2019\/06\/Laternen-8.jpg 1500w\" sizes=\"auto, (max-width: 180px) 100vw, 180px\" \/><\/a> <a href=\"http:\/\/stadtteiloper-bremen.de\/wp-content\/uploads\/2019\/06\/Laternen-10.jpg\" rel=\"wpdevart_lightbox\"><img loading=\"lazy\" decoding=\"async\" class=\"alignleft size-thumbnail wp-image-7156\" src=\"http:\/\/stadtteiloper-bremen.de\/wp-content\/uploads\/2019\/06\/Laternen-10-180x180.jpg\" alt=\"\" width=\"180\" height=\"180\" srcset=\"http:\/\/stadtteiloper-bremen.de\/wp-content\/uploads\/2019\/06\/Laternen-10-180x180.jpg 180w, http:\/\/stadtteiloper-bremen.de\/wp-content\/uploads\/2019\/06\/Laternen-10-250x250.jpg 250w, http:\/\/stadtteiloper-bremen.de\/wp-content\/uploads\/2019\/06\/Laternen-10-768x768.jpg 768w, http:\/\/stadtteiloper-bremen.de\/wp-content\/uploads\/2019\/06\/Laternen-10-624x624.jpg 624w, http:\/\/stadtteiloper-bremen.de\/wp-content\/uploads\/2019\/06\/Laternen-10.jpg 1500w\" sizes=\"auto, (max-width: 180px) 100vw, 180px\" \/><\/a><\/p>\n","protected":false},"excerpt":{"rendered":"<p>Hier mit Unterst\u00fctzung von Jugendlichen mit Behinderung aus der Tagesf\u00f6rderst\u00e4tte Buntentor. Die Klasse von Frau Spiess hat jeweils zwei Paten bestimmt, die mit den Jugendlichen aus dem Buntentor zusammengearbeitet haben. In den Werkst\u00e4tten dieser Behinderteneinrichtung wird auch ein grosser Vogel f\u00fcr die B\u00fchne erstellt werden.<\/p>\n","protected":false},"author":2,"featured_media":7155,"comment_status":"open","ping_status":"open","sticky":false,"template":"","format":"standard","meta":{"footnotes":""},"categories":[21,42,13,15,43],"tags":[],"class_list":["post-7146","post","type-post","status-publish","format-standard","has-post-thumbnail","hentry","category-kundstunterricht","category-oper-2019","category-projekttag-3","category-requisitebuehne","category-traumoper"],"_links":{"self":[{"href":"http:\/\/stadtteiloper-bremen.de\/index.php?rest_route=\/wp\/v2\/posts\/7146","targetHints":{"allow":["GET"]}}],"collection":[{"href":"http:\/\/stadtteiloper-bremen.de\/index.php?rest_route=\/wp\/v2\/posts"}],"about":[{"href":"http:\/\/stadtteiloper-bremen.de\/index.php?rest_route=\/wp\/v2\/types\/post"}],"author":[{"embeddable":true,"href":"http:\/\/stadtteiloper-bremen.de\/index.php?rest_route=\/wp\/v2\/users\/2"}],"replies":[{"embeddable":true,"href":"http:\/\/stadtteiloper-bremen.de\/index.php?rest_route=%2Fwp%2Fv2%2Fcomments&post=7146"}],"version-history":[{"count":1,"href":"http:\/\/stadtteiloper-bremen.de\/index.php?rest_route=\/wp\/v2\/posts\/7146\/revisions"}],"predecessor-version":[{"id":7157,"href":"http:\/\/stadtteiloper-bremen.de\/index.php?rest_route=\/wp\/v2\/posts\/7146\/revisions\/7157"}],"wp:featuredmedia":[{"embeddable":true,"href":"http:\/\/stadtteiloper-bremen.de\/index.php?rest_route=\/wp\/v2\/media\/7155"}],"wp:attachment":[{"href":"http:\/\/stadtteiloper-bremen.de\/index.php?rest_route=%2Fwp%2Fv2%2Fmedia&parent=7146"}],"wp:term":[{"taxonomy":"category","embeddable":true,"href":"http:\/\/stadtteiloper-bremen.de\/index.php?rest_route=%2Fwp%2Fv2%2Fcategories&post=7146"},{"taxonomy":"post_tag","embeddable":true,"href":"http:\/\/stadtteiloper-bremen.de\/index.php?rest_route=%2Fwp%2Fv2%2Ftags&post=7146"}],"curies":[{"name":"wp","href":"https:\/\/api.w.org\/{rel}","templated":true}]}}