{"id":7167,"date":"2019-06-29T15:02:55","date_gmt":"2019-06-29T13:02:55","guid":{"rendered":"http:\/\/stadtteiloper-bremen.de\/?p=7167"},"modified":"2019-06-29T15:05:37","modified_gmt":"2019-06-29T13:05:37","slug":"abschlusspraesentationals-abschluss-der-beiden-projekttage-zur-albtraumoper-gab-es-in-der-6-stunde-am-donnerstag-eine-vorstellung-der-bisherigen-proben-ergebnisse-gruseltanz-gruselmusik-gruselmask","status":"publish","type":"post","link":"http:\/\/stadtteiloper-bremen.de\/?p=7167","title":{"rendered":"Abschlusspr\u00e4sentation"},"content":{"rendered":"<p>Als Abschluss der beiden Projekttage zur Albtraumoper gab es in der 6. Stunde am Donnerstag eine Vorstellung der bisherigen Proben-Ergebnisse: Gruseltanz, Gruselmusik, Gruselmasken, Grusellaternen wurden von den Sch\u00fclern pr\u00e4sentiert und von Mona Heller und Helena Centmayer vom Zukunftslabor angek\u00fcndigt und erl\u00e4utert. Die lustigen Papiert\u00fcten-Masken werden sp\u00e4ter durch die Kugelkopfmonstermasken ersetzt, die ja noch in Arbeit sind.<\/p>\n<p><a href=\"http:\/\/stadtteiloper-bremen.de\/wp-content\/uploads\/2019\/06\/Junipr\u00e4s-7.jpg\" rel=\"wpdevart_lightbox\"><img loading=\"lazy\" decoding=\"async\" class=\"alignleft size-thumbnail wp-image-7166\" src=\"http:\/\/stadtteiloper-bremen.de\/wp-content\/uploads\/2019\/06\/Junipr\u00e4s-7-180x180.jpg\" alt=\"\" width=\"180\" height=\"180\" srcset=\"http:\/\/stadtteiloper-bremen.de\/wp-content\/uploads\/2019\/06\/Junipr\u00e4s-7-180x180.jpg 180w, http:\/\/stadtteiloper-bremen.de\/wp-content\/uploads\/2019\/06\/Junipr\u00e4s-7-250x250.jpg 250w, http:\/\/stadtteiloper-bremen.de\/wp-content\/uploads\/2019\/06\/Junipr\u00e4s-7-768x768.jpg 768w, http:\/\/stadtteiloper-bremen.de\/wp-content\/uploads\/2019\/06\/Junipr\u00e4s-7-624x624.jpg 624w, http:\/\/stadtteiloper-bremen.de\/wp-content\/uploads\/2019\/06\/Junipr\u00e4s-7.jpg 1500w\" sizes=\"auto, (max-width: 180px) 100vw, 180px\" \/><\/a> <a href=\"http:\/\/stadtteiloper-bremen.de\/wp-content\/uploads\/2019\/06\/Junipr\u00e4s-5.jpg\" rel=\"wpdevart_lightbox\"><img loading=\"lazy\" decoding=\"async\" class=\"alignleft size-thumbnail wp-image-7164\" src=\"http:\/\/stadtteiloper-bremen.de\/wp-content\/uploads\/2019\/06\/Junipr\u00e4s-5-180x180.jpg\" alt=\"\" width=\"180\" height=\"180\" srcset=\"http:\/\/stadtteiloper-bremen.de\/wp-content\/uploads\/2019\/06\/Junipr\u00e4s-5-180x180.jpg 180w, http:\/\/stadtteiloper-bremen.de\/wp-content\/uploads\/2019\/06\/Junipr\u00e4s-5-250x250.jpg 250w, http:\/\/stadtteiloper-bremen.de\/wp-content\/uploads\/2019\/06\/Junipr\u00e4s-5-768x768.jpg 768w, http:\/\/stadtteiloper-bremen.de\/wp-content\/uploads\/2019\/06\/Junipr\u00e4s-5-624x624.jpg 624w, http:\/\/stadtteiloper-bremen.de\/wp-content\/uploads\/2019\/06\/Junipr\u00e4s-5.jpg 1500w\" sizes=\"auto, (max-width: 180px) 100vw, 180px\" \/><\/a> <a href=\"http:\/\/stadtteiloper-bremen.de\/wp-content\/uploads\/2019\/06\/Junipr\u00e4s-4.jpg\" rel=\"wpdevart_lightbox\"><img loading=\"lazy\" decoding=\"async\" class=\"alignleft size-thumbnail wp-image-7163\" src=\"http:\/\/stadtteiloper-bremen.de\/wp-content\/uploads\/2019\/06\/Junipr\u00e4s-4-180x180.jpg\" alt=\"\" width=\"180\" height=\"180\" srcset=\"http:\/\/stadtteiloper-bremen.de\/wp-content\/uploads\/2019\/06\/Junipr\u00e4s-4-180x180.jpg 180w, http:\/\/stadtteiloper-bremen.de\/wp-content\/uploads\/2019\/06\/Junipr\u00e4s-4-250x250.jpg 250w, http:\/\/stadtteiloper-bremen.de\/wp-content\/uploads\/2019\/06\/Junipr\u00e4s-4-768x768.jpg 768w, http:\/\/stadtteiloper-bremen.de\/wp-content\/uploads\/2019\/06\/Junipr\u00e4s-4-624x624.jpg 624w, http:\/\/stadtteiloper-bremen.de\/wp-content\/uploads\/2019\/06\/Junipr\u00e4s-4.jpg 1500w\" sizes=\"auto, (max-width: 180px) 100vw, 180px\" \/><\/a> <a href=\"http:\/\/stadtteiloper-bremen.de\/wp-content\/uploads\/2019\/06\/Junipr\u00e4s-3.jpg\" rel=\"wpdevart_lightbox\"><img loading=\"lazy\" decoding=\"async\" class=\"alignleft size-thumbnail wp-image-7162\" src=\"http:\/\/stadtteiloper-bremen.de\/wp-content\/uploads\/2019\/06\/Junipr\u00e4s-3-180x180.jpg\" alt=\"\" width=\"180\" height=\"180\" srcset=\"http:\/\/stadtteiloper-bremen.de\/wp-content\/uploads\/2019\/06\/Junipr\u00e4s-3-180x180.jpg 180w, http:\/\/stadtteiloper-bremen.de\/wp-content\/uploads\/2019\/06\/Junipr\u00e4s-3-250x250.jpg 250w, http:\/\/stadtteiloper-bremen.de\/wp-content\/uploads\/2019\/06\/Junipr\u00e4s-3-768x768.jpg 768w, http:\/\/stadtteiloper-bremen.de\/wp-content\/uploads\/2019\/06\/Junipr\u00e4s-3-624x624.jpg 624w, http:\/\/stadtteiloper-bremen.de\/wp-content\/uploads\/2019\/06\/Junipr\u00e4s-3.jpg 1500w\" sizes=\"auto, (max-width: 180px) 100vw, 180px\" \/><\/a> <a href=\"http:\/\/stadtteiloper-bremen.de\/wp-content\/uploads\/2019\/06\/Junipr\u00e4s-2.jpg\" rel=\"wpdevart_lightbox\"><img loading=\"lazy\" decoding=\"async\" class=\"alignleft size-thumbnail wp-image-7161\" src=\"http:\/\/stadtteiloper-bremen.de\/wp-content\/uploads\/2019\/06\/Junipr\u00e4s-2-180x180.jpg\" alt=\"\" width=\"180\" height=\"180\" srcset=\"http:\/\/stadtteiloper-bremen.de\/wp-content\/uploads\/2019\/06\/Junipr\u00e4s-2-180x180.jpg 180w, http:\/\/stadtteiloper-bremen.de\/wp-content\/uploads\/2019\/06\/Junipr\u00e4s-2-250x250.jpg 250w, http:\/\/stadtteiloper-bremen.de\/wp-content\/uploads\/2019\/06\/Junipr\u00e4s-2-768x768.jpg 768w, http:\/\/stadtteiloper-bremen.de\/wp-content\/uploads\/2019\/06\/Junipr\u00e4s-2-624x624.jpg 624w, http:\/\/stadtteiloper-bremen.de\/wp-content\/uploads\/2019\/06\/Junipr\u00e4s-2.jpg 1500w\" sizes=\"auto, (max-width: 180px) 100vw, 180px\" \/><\/a> <a href=\"http:\/\/stadtteiloper-bremen.de\/wp-content\/uploads\/2019\/06\/Junipr\u00e4s-1.jpg\" rel=\"wpdevart_lightbox\"><img loading=\"lazy\" decoding=\"async\" class=\"alignleft size-thumbnail wp-image-7160\" src=\"http:\/\/stadtteiloper-bremen.de\/wp-content\/uploads\/2019\/06\/Junipr\u00e4s-1-180x180.jpg\" alt=\"\" width=\"180\" height=\"180\" srcset=\"http:\/\/stadtteiloper-bremen.de\/wp-content\/uploads\/2019\/06\/Junipr\u00e4s-1-180x180.jpg 180w, http:\/\/stadtteiloper-bremen.de\/wp-content\/uploads\/2019\/06\/Junipr\u00e4s-1-250x250.jpg 250w, http:\/\/stadtteiloper-bremen.de\/wp-content\/uploads\/2019\/06\/Junipr\u00e4s-1-768x768.jpg 768w, http:\/\/stadtteiloper-bremen.de\/wp-content\/uploads\/2019\/06\/Junipr\u00e4s-1-624x624.jpg 624w, http:\/\/stadtteiloper-bremen.de\/wp-content\/uploads\/2019\/06\/Junipr\u00e4s-1.jpg 1500w\" sizes=\"auto, (max-width: 180px) 100vw, 180px\" \/><\/a><\/p>\n<div style=\"width: 625px;\" class=\"wp-video\"><!--[if lt IE 9]><script>document.createElement('video');<\/script><![endif]-->\n<video class=\"wp-video-shortcode\" id=\"video-7167-1\" width=\"625\" height=\"351\" preload=\"metadata\" controls=\"controls\"><source type=\"video\/mp4\" src=\"http:\/\/stadtteiloper-bremen.de\/wp-content\/uploads\/2019\/06\/pr\u00e4sentation.m4v?_=1\" \/><a href=\"http:\/\/stadtteiloper-bremen.de\/wp-content\/uploads\/2019\/06\/pr\u00e4sentation.m4v\">http:\/\/stadtteiloper-bremen.de\/wp-content\/uploads\/2019\/06\/pr\u00e4sentation.m4v<\/a><\/video><\/div>\n","protected":false},"excerpt":{"rendered":"<p>Als Abschluss der beiden Projekttage zur Albtraumoper gab es in der 6. Stunde am Donnerstag eine Vorstellung der bisherigen Proben-Ergebnisse: Gruseltanz, Gruselmusik, Gruselmasken, Grusellaternen wurden von den Sch\u00fclern pr\u00e4sentiert und von Mona Heller und Helena Centmayer vom Zukunftslabor angek\u00fcndigt und erl\u00e4utert. Die lustigen Papiert\u00fcten-Masken werden sp\u00e4ter durch die Kugelkopfmonstermasken ersetzt, die ja noch in Arbeit [&hellip;]<\/p>\n","protected":false},"author":2,"featured_media":7165,"comment_status":"open","ping_status":"open","sticky":false,"template":"","format":"standard","meta":{"footnotes":""},"categories":[13,6,36,43,16],"tags":[],"class_list":["post-7167","post","type-post","status-publish","format-standard","has-post-thumbnail","hentry","category-projekttag-3","category-regie","category-tanzen","category-traumoper","category-video"],"_links":{"self":[{"href":"http:\/\/stadtteiloper-bremen.de\/index.php?rest_route=\/wp\/v2\/posts\/7167","targetHints":{"allow":["GET"]}}],"collection":[{"href":"http:\/\/stadtteiloper-bremen.de\/index.php?rest_route=\/wp\/v2\/posts"}],"about":[{"href":"http:\/\/stadtteiloper-bremen.de\/index.php?rest_route=\/wp\/v2\/types\/post"}],"author":[{"embeddable":true,"href":"http:\/\/stadtteiloper-bremen.de\/index.php?rest_route=\/wp\/v2\/users\/2"}],"replies":[{"embeddable":true,"href":"http:\/\/stadtteiloper-bremen.de\/index.php?rest_route=%2Fwp%2Fv2%2Fcomments&post=7167"}],"version-history":[{"count":4,"href":"http:\/\/stadtteiloper-bremen.de\/index.php?rest_route=\/wp\/v2\/posts\/7167\/revisions"}],"predecessor-version":[{"id":7171,"href":"http:\/\/stadtteiloper-bremen.de\/index.php?rest_route=\/wp\/v2\/posts\/7167\/revisions\/7171"}],"wp:featuredmedia":[{"embeddable":true,"href":"http:\/\/stadtteiloper-bremen.de\/index.php?rest_route=\/wp\/v2\/media\/7165"}],"wp:attachment":[{"href":"http:\/\/stadtteiloper-bremen.de\/index.php?rest_route=%2Fwp%2Fv2%2Fmedia&parent=7167"}],"wp:term":[{"taxonomy":"category","embeddable":true,"href":"http:\/\/stadtteiloper-bremen.de\/index.php?rest_route=%2Fwp%2Fv2%2Fcategories&post=7167"},{"taxonomy":"post_tag","embeddable":true,"href":"http:\/\/stadtteiloper-bremen.de\/index.php?rest_route=%2Fwp%2Fv2%2Ftags&post=7167"}],"curies":[{"name":"wp","href":"https:\/\/api.w.org\/{rel}","templated":true}]}}