{"id":7199,"date":"2019-08-28T15:43:35","date_gmt":"2019-08-28T13:43:35","guid":{"rendered":"http:\/\/stadtteiloper-bremen.de\/?p=7199"},"modified":"2019-08-28T16:24:52","modified_gmt":"2019-08-28T14:24:52","slug":"projekttag-4-1-blaue-etage","status":"publish","type":"post","link":"http:\/\/stadtteiloper-bremen.de\/?p=7199","title":{"rendered":"Projekttag 4.1, blaue Etage"},"content":{"rendered":"<p>Die blaue Etage ist das oberste Stockwerk der GSO, in dem u.a. die Kunstr\u00e4ume untergebracht sind. Da war es heute nicht nur traumhaft warem, sonder voller Aktivit\u00e4t f\u00fcr die Stadtteiloper. Maske, Kost\u00fcm, Schminken, gruselige Deko und auf den Fluren werden hier zwei grosse Werbebanner von Sch\u00fclerinnen aus dem 11. Jahrgang, Kunstkurs, angefertigt. Diese Banner sp\u00e4ter an Bauz\u00e4unen in der Otto-Brenner Allee aufgeh\u00e4ngt werden.<\/p>\n<p>Und hier sieht man auch zum ersten Mal den offiziellen Titel der Oper:<\/p>\n<p>Schlaflos in Ote &#8211; Scheherezades Tr\u00e4ume.<\/p>\n<p><a href=\"http:\/\/stadtteiloper-bremen.de\/wp-content\/uploads\/2019\/08\/banner-1.jpg\" rel=\"wpdevart_lightbox\"><img loading=\"lazy\" decoding=\"async\" class=\"alignleft size-thumbnail wp-image-7200\" src=\"http:\/\/stadtteiloper-bremen.de\/wp-content\/uploads\/2019\/08\/banner-1-180x180.jpg\" alt=\"\" width=\"180\" height=\"180\" srcset=\"http:\/\/stadtteiloper-bremen.de\/wp-content\/uploads\/2019\/08\/banner-1-180x180.jpg 180w, http:\/\/stadtteiloper-bremen.de\/wp-content\/uploads\/2019\/08\/banner-1-250x250.jpg 250w, http:\/\/stadtteiloper-bremen.de\/wp-content\/uploads\/2019\/08\/banner-1-768x768.jpg 768w, http:\/\/stadtteiloper-bremen.de\/wp-content\/uploads\/2019\/08\/banner-1-624x624.jpg 624w, http:\/\/stadtteiloper-bremen.de\/wp-content\/uploads\/2019\/08\/banner-1.jpg 1500w\" sizes=\"auto, (max-width: 180px) 100vw, 180px\" \/><\/a> <a href=\"http:\/\/stadtteiloper-bremen.de\/wp-content\/uploads\/2019\/08\/banner-2.jpg\" rel=\"wpdevart_lightbox\"><img loading=\"lazy\" decoding=\"async\" class=\"alignleft size-thumbnail wp-image-7201\" src=\"http:\/\/stadtteiloper-bremen.de\/wp-content\/uploads\/2019\/08\/banner-2-180x180.jpg\" alt=\"\" width=\"180\" height=\"180\" srcset=\"http:\/\/stadtteiloper-bremen.de\/wp-content\/uploads\/2019\/08\/banner-2-180x180.jpg 180w, http:\/\/stadtteiloper-bremen.de\/wp-content\/uploads\/2019\/08\/banner-2-250x250.jpg 250w, http:\/\/stadtteiloper-bremen.de\/wp-content\/uploads\/2019\/08\/banner-2-768x768.jpg 768w, http:\/\/stadtteiloper-bremen.de\/wp-content\/uploads\/2019\/08\/banner-2-624x624.jpg 624w, http:\/\/stadtteiloper-bremen.de\/wp-content\/uploads\/2019\/08\/banner-2.jpg 1500w\" sizes=\"auto, (max-width: 180px) 100vw, 180px\" \/><\/a> <a href=\"http:\/\/stadtteiloper-bremen.de\/wp-content\/uploads\/2019\/08\/banner-3.jpg\" rel=\"wpdevart_lightbox\"><img loading=\"lazy\" decoding=\"async\" class=\"alignleft size-thumbnail wp-image-7202\" src=\"http:\/\/stadtteiloper-bremen.de\/wp-content\/uploads\/2019\/08\/banner-3-180x180.jpg\" alt=\"\" width=\"180\" height=\"180\" srcset=\"http:\/\/stadtteiloper-bremen.de\/wp-content\/uploads\/2019\/08\/banner-3-180x180.jpg 180w, http:\/\/stadtteiloper-bremen.de\/wp-content\/uploads\/2019\/08\/banner-3-250x250.jpg 250w, http:\/\/stadtteiloper-bremen.de\/wp-content\/uploads\/2019\/08\/banner-3-768x768.jpg 768w, http:\/\/stadtteiloper-bremen.de\/wp-content\/uploads\/2019\/08\/banner-3-624x624.jpg 624w, http:\/\/stadtteiloper-bremen.de\/wp-content\/uploads\/2019\/08\/banner-3.jpg 1500w\" sizes=\"auto, (max-width: 180px) 100vw, 180px\" \/><\/a> <a href=\"http:\/\/stadtteiloper-bremen.de\/wp-content\/uploads\/2019\/08\/banner-5.jpg\" rel=\"wpdevart_lightbox\"><img loading=\"lazy\" decoding=\"async\" class=\"alignleft size-thumbnail wp-image-7204\" src=\"http:\/\/stadtteiloper-bremen.de\/wp-content\/uploads\/2019\/08\/banner-5-180x180.jpg\" alt=\"\" width=\"180\" height=\"180\" srcset=\"http:\/\/stadtteiloper-bremen.de\/wp-content\/uploads\/2019\/08\/banner-5-180x180.jpg 180w, http:\/\/stadtteiloper-bremen.de\/wp-content\/uploads\/2019\/08\/banner-5-250x250.jpg 250w, http:\/\/stadtteiloper-bremen.de\/wp-content\/uploads\/2019\/08\/banner-5-768x768.jpg 768w, http:\/\/stadtteiloper-bremen.de\/wp-content\/uploads\/2019\/08\/banner-5-624x624.jpg 624w, http:\/\/stadtteiloper-bremen.de\/wp-content\/uploads\/2019\/08\/banner-5.jpg 1500w\" sizes=\"auto, (max-width: 180px) 100vw, 180px\" \/><\/a> <a href=\"http:\/\/stadtteiloper-bremen.de\/wp-content\/uploads\/2019\/08\/banner-6.jpg\" rel=\"wpdevart_lightbox\"><img loading=\"lazy\" decoding=\"async\" class=\"alignleft size-thumbnail wp-image-7205\" src=\"http:\/\/stadtteiloper-bremen.de\/wp-content\/uploads\/2019\/08\/banner-6-180x180.jpg\" alt=\"\" width=\"180\" height=\"180\" srcset=\"http:\/\/stadtteiloper-bremen.de\/wp-content\/uploads\/2019\/08\/banner-6-180x180.jpg 180w, http:\/\/stadtteiloper-bremen.de\/wp-content\/uploads\/2019\/08\/banner-6-250x250.jpg 250w, http:\/\/stadtteiloper-bremen.de\/wp-content\/uploads\/2019\/08\/banner-6-768x768.jpg 768w, http:\/\/stadtteiloper-bremen.de\/wp-content\/uploads\/2019\/08\/banner-6-624x624.jpg 624w, http:\/\/stadtteiloper-bremen.de\/wp-content\/uploads\/2019\/08\/banner-6.jpg 1500w\" sizes=\"auto, (max-width: 180px) 100vw, 180px\" \/><\/a> <a href=\"http:\/\/stadtteiloper-bremen.de\/wp-content\/uploads\/2019\/08\/banner-7.jpg\" rel=\"wpdevart_lightbox\"><img loading=\"lazy\" decoding=\"async\" class=\"alignleft size-thumbnail wp-image-7206\" src=\"http:\/\/stadtteiloper-bremen.de\/wp-content\/uploads\/2019\/08\/banner-7-180x180.jpg\" alt=\"\" width=\"180\" height=\"180\" srcset=\"http:\/\/stadtteiloper-bremen.de\/wp-content\/uploads\/2019\/08\/banner-7-180x180.jpg 180w, http:\/\/stadtteiloper-bremen.de\/wp-content\/uploads\/2019\/08\/banner-7-250x250.jpg 250w, http:\/\/stadtteiloper-bremen.de\/wp-content\/uploads\/2019\/08\/banner-7-768x768.jpg 768w, http:\/\/stadtteiloper-bremen.de\/wp-content\/uploads\/2019\/08\/banner-7-624x624.jpg 624w, http:\/\/stadtteiloper-bremen.de\/wp-content\/uploads\/2019\/08\/banner-7.jpg 1500w\" sizes=\"auto, (max-width: 180px) 100vw, 180px\" \/><\/a><\/p>\n","protected":false},"excerpt":{"rendered":"<p>Die blaue Etage ist das oberste Stockwerk der GSO, in dem u.a. die Kunstr\u00e4ume untergebracht sind. Da war es heute nicht nur traumhaft warem, sonder voller Aktivit\u00e4t f\u00fcr die Stadtteiloper. Maske, Kost\u00fcm, Schminken, gruselige Deko und auf den Fluren werden hier zwei grosse Werbebanner von Sch\u00fclerinnen aus dem 11. Jahrgang, Kunstkurs, angefertigt. Diese Banner sp\u00e4ter [&hellip;]<\/p>\n","protected":false},"author":2,"featured_media":7209,"comment_status":"open","ping_status":"open","sticky":false,"template":"","format":"standard","meta":{"footnotes":""},"categories":[21,3,18,43],"tags":[],"class_list":["post-7199","post","type-post","status-publish","format-standard","has-post-thumbnail","hentry","category-kundstunterricht","category-maskekostuem","category-projekttag-4","category-traumoper"],"_links":{"self":[{"href":"http:\/\/stadtteiloper-bremen.de\/index.php?rest_route=\/wp\/v2\/posts\/7199","targetHints":{"allow":["GET"]}}],"collection":[{"href":"http:\/\/stadtteiloper-bremen.de\/index.php?rest_route=\/wp\/v2\/posts"}],"about":[{"href":"http:\/\/stadtteiloper-bremen.de\/index.php?rest_route=\/wp\/v2\/types\/post"}],"author":[{"embeddable":true,"href":"http:\/\/stadtteiloper-bremen.de\/index.php?rest_route=\/wp\/v2\/users\/2"}],"replies":[{"embeddable":true,"href":"http:\/\/stadtteiloper-bremen.de\/index.php?rest_route=%2Fwp%2Fv2%2Fcomments&post=7199"}],"version-history":[{"count":1,"href":"http:\/\/stadtteiloper-bremen.de\/index.php?rest_route=\/wp\/v2\/posts\/7199\/revisions"}],"predecessor-version":[{"id":7207,"href":"http:\/\/stadtteiloper-bremen.de\/index.php?rest_route=\/wp\/v2\/posts\/7199\/revisions\/7207"}],"wp:featuredmedia":[{"embeddable":true,"href":"http:\/\/stadtteiloper-bremen.de\/index.php?rest_route=\/wp\/v2\/media\/7209"}],"wp:attachment":[{"href":"http:\/\/stadtteiloper-bremen.de\/index.php?rest_route=%2Fwp%2Fv2%2Fmedia&parent=7199"}],"wp:term":[{"taxonomy":"category","embeddable":true,"href":"http:\/\/stadtteiloper-bremen.de\/index.php?rest_route=%2Fwp%2Fv2%2Fcategories&post=7199"},{"taxonomy":"post_tag","embeddable":true,"href":"http:\/\/stadtteiloper-bremen.de\/index.php?rest_route=%2Fwp%2Fv2%2Ftags&post=7199"}],"curies":[{"name":"wp","href":"https:\/\/api.w.org\/{rel}","templated":true}]}}