{"id":7307,"date":"2019-08-30T17:14:57","date_gmt":"2019-08-30T15:14:57","guid":{"rendered":"http:\/\/stadtteiloper-bremen.de\/?p=7307"},"modified":"2019-08-30T17:49:04","modified_gmt":"2019-08-30T15:49:04","slug":"tanz-der-schatten","status":"publish","type":"post","link":"http:\/\/stadtteiloper-bremen.de\/?p=7307","title":{"rendered":"Tanz der Schatten"},"content":{"rendered":"<p>Es gibt so etwas stretchige Kost\u00fcme, in die die Schauspieler hineinschl\u00fcpfen m\u00fcssen, ohne das etwas von ihnen zu sehen ist. Sie sollen dann die unheimlichen Schatten in den Tr\u00e4umen darstellen. Hier wurden im Atelier der Kost\u00fcmdesignerin Christin Bokelmann die Kost\u00fcme ausprobiert. Die Personen in den Kost\u00fcmen wurden nicht wegen ihrer t\u00e4nzerischen F\u00e4higkeiten ausgesucht, sondern nur wegen ihrer Gr\u00f6sse &#8211; na klar. Im kleinen Schatten steckt einer der Damen, die normalerweise an der N\u00e4hmaschine sitzen, in dem grossen Schatten so ein Lehrer mit der entsprechenden K\u00f6rpergr\u00f6sse.\u00a0ok. Na toll. Muss ja.<\/p>\n<div style=\"width: 625px;\" class=\"wp-video\"><!--[if lt IE 9]><script>document.createElement('video');<\/script><![endif]-->\n<video class=\"wp-video-shortcode\" id=\"video-7307-1\" width=\"625\" height=\"351\" preload=\"metadata\" controls=\"controls\"><source type=\"video\/mp4\" src=\"http:\/\/stadtteiloper-bremen.de\/wp-content\/uploads\/2019\/08\/schattenkost\u00fcme.m4v?_=1\" \/><a href=\"http:\/\/stadtteiloper-bremen.de\/wp-content\/uploads\/2019\/08\/schattenkost\u00fcme.m4v\">http:\/\/stadtteiloper-bremen.de\/wp-content\/uploads\/2019\/08\/schattenkost\u00fcme.m4v<\/a><\/video><\/div>\n","protected":false},"excerpt":{"rendered":"<p>Es gibt so etwas stretchige Kost\u00fcme, in die die Schauspieler hineinschl\u00fcpfen m\u00fcssen, ohne das etwas von ihnen zu sehen ist. Sie sollen dann die unheimlichen Schatten in den Tr\u00e4umen darstellen. Hier wurden im Atelier der Kost\u00fcmdesignerin Christin Bokelmann die Kost\u00fcme ausprobiert. Die Personen in den Kost\u00fcmen wurden nicht wegen ihrer t\u00e4nzerischen F\u00e4higkeiten ausgesucht, sondern nur [&hellip;]<\/p>\n","protected":false},"author":2,"featured_media":0,"comment_status":"open","ping_status":"open","sticky":false,"template":"","format":"standard","meta":{"footnotes":""},"categories":[1,3,42,36,43],"tags":[],"class_list":["post-7307","post","type-post","status-publish","format-standard","hentry","category-allgemein","category-maskekostuem","category-oper-2019","category-tanzen","category-traumoper"],"_links":{"self":[{"href":"http:\/\/stadtteiloper-bremen.de\/index.php?rest_route=\/wp\/v2\/posts\/7307","targetHints":{"allow":["GET"]}}],"collection":[{"href":"http:\/\/stadtteiloper-bremen.de\/index.php?rest_route=\/wp\/v2\/posts"}],"about":[{"href":"http:\/\/stadtteiloper-bremen.de\/index.php?rest_route=\/wp\/v2\/types\/post"}],"author":[{"embeddable":true,"href":"http:\/\/stadtteiloper-bremen.de\/index.php?rest_route=\/wp\/v2\/users\/2"}],"replies":[{"embeddable":true,"href":"http:\/\/stadtteiloper-bremen.de\/index.php?rest_route=%2Fwp%2Fv2%2Fcomments&post=7307"}],"version-history":[{"count":2,"href":"http:\/\/stadtteiloper-bremen.de\/index.php?rest_route=\/wp\/v2\/posts\/7307\/revisions"}],"predecessor-version":[{"id":7310,"href":"http:\/\/stadtteiloper-bremen.de\/index.php?rest_route=\/wp\/v2\/posts\/7307\/revisions\/7310"}],"wp:attachment":[{"href":"http:\/\/stadtteiloper-bremen.de\/index.php?rest_route=%2Fwp%2Fv2%2Fmedia&parent=7307"}],"wp:term":[{"taxonomy":"category","embeddable":true,"href":"http:\/\/stadtteiloper-bremen.de\/index.php?rest_route=%2Fwp%2Fv2%2Fcategories&post=7307"},{"taxonomy":"post_tag","embeddable":true,"href":"http:\/\/stadtteiloper-bremen.de\/index.php?rest_route=%2Fwp%2Fv2%2Ftags&post=7307"}],"curies":[{"name":"wp","href":"https:\/\/api.w.org\/{rel}","templated":true}]}}