{"id":7476,"date":"2019-09-06T09:54:26","date_gmt":"2019-09-06T07:54:26","guid":{"rendered":"http:\/\/stadtteiloper-bremen.de\/?p=7476"},"modified":"2019-10-01T11:38:06","modified_gmt":"2019-10-01T09:38:06","slug":"termine-und-karten","status":"publish","type":"post","link":"http:\/\/stadtteiloper-bremen.de\/?p=7476","title":{"rendered":"Termine und Karten"},"content":{"rendered":"<h3><span style=\"color: #008000;\">Die Auff\u00fchrungen sind am <\/span><\/h3>\n<h3><span style=\"color: #008000;\">Montag 30.09.: Generalprobe (nicht \u00f6ffentlich),<\/span><\/h3>\n<h3><span style=\"color: #008000;\">Dienstag, 1.10.: Premiere,<\/span><\/h3>\n<h3><span style=\"color: #008000;\">Mittwoch, 02.10.: 2. Vorstellung. Jeweils um 19.30 Uhr.<\/span><\/h3>\n<h3>auf dem Gr\u00fcnen H\u00fcgel im Zirkuszelt in der Andernacher Strasse.<\/h3>\n<p>Karten gibt es im Sekretariat der <span style=\"color: #0000ff;\"><a style=\"color: #0000ff;\" href=\"http:\/\/gso-bremen.de\">GSO<\/a> <\/span>und im Ticketverkauf der Deutschen <a href=\"https:\/\/www.kammerphilharmonie.com\/erleben\/tickets\/\"><span style=\"color: #0000ff;\">Kammerphilharmonie<\/span><\/a>:<\/p>\n<ul>\n<li>GSO: Walliser Str. 125: \u00a0 \u00a0 \u00a0 \u00a0 \u00a0 \u00a00421 3615645<\/li>\n<li>Die Deutsche Kammerphilharmonie, Langenstra\u00dfe 16: \u00a0 0421 32 19 19<\/li>\n<li>und in der <a href=\"https:\/\/www.stabi-hb.de\/standorte\/osterholz\"><span style=\"color: #0000ff;\">Stadtbibliothe<\/span>k<\/a> Osterholz im Geb\u00e4ude der GSO: \u00a0 \u00a0\u00a0Tel (0421) 361 &#8211; 3632<\/li>\n<\/ul>\n<p><a href=\"http:\/\/stadtteiloper-bremen.de\/wp-content\/uploads\/2019\/09\/termin-1.jpg\" rel=\"wpdevart_lightbox\"><img loading=\"lazy\" decoding=\"async\" class=\"alignleft size-thumbnail wp-image-7478\" src=\"http:\/\/stadtteiloper-bremen.de\/wp-content\/uploads\/2019\/09\/termin-1-180x180.jpg\" alt=\"\" width=\"180\" height=\"180\" srcset=\"http:\/\/stadtteiloper-bremen.de\/wp-content\/uploads\/2019\/09\/termin-1-180x180.jpg 180w, http:\/\/stadtteiloper-bremen.de\/wp-content\/uploads\/2019\/09\/termin-1-250x250.jpg 250w, http:\/\/stadtteiloper-bremen.de\/wp-content\/uploads\/2019\/09\/termin-1-768x768.jpg 768w, http:\/\/stadtteiloper-bremen.de\/wp-content\/uploads\/2019\/09\/termin-1-624x624.jpg 624w, http:\/\/stadtteiloper-bremen.de\/wp-content\/uploads\/2019\/09\/termin-1.jpg 1500w\" sizes=\"auto, (max-width: 180px) 100vw, 180px\" \/><\/a><a href=\"http:\/\/stadtteiloper-bremen.de\/wp-content\/uploads\/2019\/09\/brennerbanner-1.jpg\" rel=\"wpdevart_lightbox\"><img loading=\"lazy\" decoding=\"async\" class=\"alignleft size-thumbnail wp-image-7613\" src=\"http:\/\/stadtteiloper-bremen.de\/wp-content\/uploads\/2019\/09\/brennerbanner-1-180x180.jpg\" alt=\"\" width=\"180\" height=\"180\" srcset=\"http:\/\/stadtteiloper-bremen.de\/wp-content\/uploads\/2019\/09\/brennerbanner-1-180x180.jpg 180w, http:\/\/stadtteiloper-bremen.de\/wp-content\/uploads\/2019\/09\/brennerbanner-1-250x250.jpg 250w, http:\/\/stadtteiloper-bremen.de\/wp-content\/uploads\/2019\/09\/brennerbanner-1-768x768.jpg 768w, http:\/\/stadtteiloper-bremen.de\/wp-content\/uploads\/2019\/09\/brennerbanner-1-624x624.jpg 624w, http:\/\/stadtteiloper-bremen.de\/wp-content\/uploads\/2019\/09\/brennerbanner-1.jpg 1500w\" sizes=\"auto, (max-width: 180px) 100vw, 180px\" \/><\/a><a href=\"http:\/\/stadtteiloper-bremen.de\/wp-content\/uploads\/2019\/09\/Banner-1-1.jpg\" rel=\"wpdevart_lightbox\"><img loading=\"lazy\" decoding=\"async\" class=\"alignleft size-thumbnail wp-image-7623\" src=\"http:\/\/stadtteiloper-bremen.de\/wp-content\/uploads\/2019\/09\/Banner-1-1-180x180.jpg\" alt=\"\" width=\"180\" height=\"180\" srcset=\"http:\/\/stadtteiloper-bremen.de\/wp-content\/uploads\/2019\/09\/Banner-1-1-180x180.jpg 180w, http:\/\/stadtteiloper-bremen.de\/wp-content\/uploads\/2019\/09\/Banner-1-1-250x250.jpg 250w, http:\/\/stadtteiloper-bremen.de\/wp-content\/uploads\/2019\/09\/Banner-1-1-768x768.jpg 768w, http:\/\/stadtteiloper-bremen.de\/wp-content\/uploads\/2019\/09\/Banner-1-1-624x624.jpg 624w, http:\/\/stadtteiloper-bremen.de\/wp-content\/uploads\/2019\/09\/Banner-1-1.jpg 1500w\" sizes=\"auto, (max-width: 180px) 100vw, 180px\" \/><\/a><a href=\"http:\/\/stadtteiloper-bremen.de\/wp-content\/uploads\/2019\/09\/Einladung-Stadtteil-Oper-2019.jpg\" rel=\"wpdevart_lightbox\"><img loading=\"lazy\" decoding=\"async\" class=\"alignleft size-thumbnail wp-image-7679\" src=\"http:\/\/stadtteiloper-bremen.de\/wp-content\/uploads\/2019\/09\/Einladung-Stadtteil-Oper-2019-180x180.jpg\" alt=\"\" width=\"180\" height=\"180\" \/><\/a><a href=\"http:\/\/stadtteiloper-bremen.de\/wp-content\/uploads\/2019\/09\/Einladung-Stadtteil-Oper-2019-1.jpg\" rel=\"wpdevart_lightbox\"><img loading=\"lazy\" decoding=\"async\" class=\"alignleft size-thumbnail wp-image-7681\" src=\"http:\/\/stadtteiloper-bremen.de\/wp-content\/uploads\/2019\/09\/Einladung-Stadtteil-Oper-2019-1-180x180.jpg\" alt=\"\" width=\"180\" height=\"180\" \/><\/a><\/p>\n","protected":false},"excerpt":{"rendered":"<p>Die Auff\u00fchrungen sind am Montag 30.09.: Generalprobe (nicht \u00f6ffentlich), Dienstag, 1.10.: Premiere, Mittwoch, 02.10.: 2. Vorstellung. Jeweils um 19.30 Uhr. auf dem Gr\u00fcnen H\u00fcgel im Zirkuszelt in der Andernacher Strasse. Karten gibt es im Sekretariat der GSO und im Ticketverkauf der Deutschen Kammerphilharmonie: GSO: Walliser Str. 125: \u00a0 \u00a0 \u00a0 \u00a0 \u00a0 \u00a00421 3615645 Die [&hellip;]<\/p>\n","protected":false},"author":2,"featured_media":7477,"comment_status":"open","ping_status":"open","sticky":false,"template":"","format":"standard","meta":{"footnotes":""},"categories":[1],"tags":[],"class_list":["post-7476","post","type-post","status-publish","format-standard","has-post-thumbnail","hentry","category-allgemein"],"_links":{"self":[{"href":"http:\/\/stadtteiloper-bremen.de\/index.php?rest_route=\/wp\/v2\/posts\/7476","targetHints":{"allow":["GET"]}}],"collection":[{"href":"http:\/\/stadtteiloper-bremen.de\/index.php?rest_route=\/wp\/v2\/posts"}],"about":[{"href":"http:\/\/stadtteiloper-bremen.de\/index.php?rest_route=\/wp\/v2\/types\/post"}],"author":[{"embeddable":true,"href":"http:\/\/stadtteiloper-bremen.de\/index.php?rest_route=\/wp\/v2\/users\/2"}],"replies":[{"embeddable":true,"href":"http:\/\/stadtteiloper-bremen.de\/index.php?rest_route=%2Fwp%2Fv2%2Fcomments&post=7476"}],"version-history":[{"count":14,"href":"http:\/\/stadtteiloper-bremen.de\/index.php?rest_route=\/wp\/v2\/posts\/7476\/revisions"}],"predecessor-version":[{"id":7682,"href":"http:\/\/stadtteiloper-bremen.de\/index.php?rest_route=\/wp\/v2\/posts\/7476\/revisions\/7682"}],"wp:featuredmedia":[{"embeddable":true,"href":"http:\/\/stadtteiloper-bremen.de\/index.php?rest_route=\/wp\/v2\/media\/7477"}],"wp:attachment":[{"href":"http:\/\/stadtteiloper-bremen.de\/index.php?rest_route=%2Fwp%2Fv2%2Fmedia&parent=7476"}],"wp:term":[{"taxonomy":"category","embeddable":true,"href":"http:\/\/stadtteiloper-bremen.de\/index.php?rest_route=%2Fwp%2Fv2%2Fcategories&post=7476"},{"taxonomy":"post_tag","embeddable":true,"href":"http:\/\/stadtteiloper-bremen.de\/index.php?rest_route=%2Fwp%2Fv2%2Ftags&post=7476"}],"curies":[{"name":"wp","href":"https:\/\/api.w.org\/{rel}","templated":true}]}}