{"id":7683,"date":"2019-09-16T16:47:48","date_gmt":"2019-09-16T14:47:48","guid":{"rendered":"http:\/\/stadtteiloper-bremen.de\/?p=7683"},"modified":"2019-09-16T16:48:26","modified_gmt":"2019-09-16T14:48:26","slug":"internationaler-geht-nicht","status":"publish","type":"post","link":"http:\/\/stadtteiloper-bremen.de\/?p=7683","title":{"rendered":"Internationaler geht nicht"},"content":{"rendered":"<p>Tamazi Kakabadze, ein Sch\u00fcler mit georgischen Wurzeln, ist im Leistungskurs Musik, spielt hier ein franz\u00f6sisches St\u00fcck (Les\u00a0chevaux du bois, die Pferde des Waldes) und wird von\u00a0<span class=\"\">Masahiro Masumi angeleitet. Mashiro Masumi macht die Korrepetition bei den Proben.<\/span><\/p>\n<p><a href=\"http:\/\/stadtteiloper-bremen.de\/wp-content\/uploads\/2019\/09\/Tamazi-Kakabadze-2.jpg\" rel=\"wpdevart_lightbox\"><img loading=\"lazy\" decoding=\"async\" class=\"alignleft size-thumbnail wp-image-7685\" src=\"http:\/\/stadtteiloper-bremen.de\/wp-content\/uploads\/2019\/09\/Tamazi-Kakabadze-2-180x180.jpg\" alt=\"\" width=\"180\" height=\"180\" srcset=\"http:\/\/stadtteiloper-bremen.de\/wp-content\/uploads\/2019\/09\/Tamazi-Kakabadze-2-180x180.jpg 180w, http:\/\/stadtteiloper-bremen.de\/wp-content\/uploads\/2019\/09\/Tamazi-Kakabadze-2-250x250.jpg 250w, http:\/\/stadtteiloper-bremen.de\/wp-content\/uploads\/2019\/09\/Tamazi-Kakabadze-2-768x768.jpg 768w, http:\/\/stadtteiloper-bremen.de\/wp-content\/uploads\/2019\/09\/Tamazi-Kakabadze-2-624x624.jpg 624w, http:\/\/stadtteiloper-bremen.de\/wp-content\/uploads\/2019\/09\/Tamazi-Kakabadze-2.jpg 1500w\" sizes=\"auto, (max-width: 180px) 100vw, 180px\" \/><\/a><a href=\"http:\/\/stadtteiloper-bremen.de\/wp-content\/uploads\/2019\/09\/Tamazi-Kakabadze-4.jpg\" rel=\"wpdevart_lightbox\"><img loading=\"lazy\" decoding=\"async\" class=\"alignleft size-thumbnail wp-image-7687\" src=\"http:\/\/stadtteiloper-bremen.de\/wp-content\/uploads\/2019\/09\/Tamazi-Kakabadze-4-180x180.jpg\" alt=\"\" width=\"180\" height=\"180\" srcset=\"http:\/\/stadtteiloper-bremen.de\/wp-content\/uploads\/2019\/09\/Tamazi-Kakabadze-4-180x180.jpg 180w, http:\/\/stadtteiloper-bremen.de\/wp-content\/uploads\/2019\/09\/Tamazi-Kakabadze-4-250x250.jpg 250w, http:\/\/stadtteiloper-bremen.de\/wp-content\/uploads\/2019\/09\/Tamazi-Kakabadze-4-768x768.jpg 768w, http:\/\/stadtteiloper-bremen.de\/wp-content\/uploads\/2019\/09\/Tamazi-Kakabadze-4-624x624.jpg 624w, http:\/\/stadtteiloper-bremen.de\/wp-content\/uploads\/2019\/09\/Tamazi-Kakabadze-4.jpg 1500w\" sizes=\"auto, (max-width: 180px) 100vw, 180px\" \/><\/a><a href=\"http:\/\/stadtteiloper-bremen.de\/wp-content\/uploads\/2019\/09\/Tamazi-Kakabadze-1.jpg\" rel=\"wpdevart_lightbox\"><img loading=\"lazy\" decoding=\"async\" class=\"alignleft size-thumbnail wp-image-7684\" src=\"http:\/\/stadtteiloper-bremen.de\/wp-content\/uploads\/2019\/09\/Tamazi-Kakabadze-1-180x180.jpg\" alt=\"\" width=\"180\" height=\"180\" srcset=\"http:\/\/stadtteiloper-bremen.de\/wp-content\/uploads\/2019\/09\/Tamazi-Kakabadze-1-180x180.jpg 180w, http:\/\/stadtteiloper-bremen.de\/wp-content\/uploads\/2019\/09\/Tamazi-Kakabadze-1-250x250.jpg 250w, http:\/\/stadtteiloper-bremen.de\/wp-content\/uploads\/2019\/09\/Tamazi-Kakabadze-1-768x768.jpg 768w, http:\/\/stadtteiloper-bremen.de\/wp-content\/uploads\/2019\/09\/Tamazi-Kakabadze-1-624x624.jpg 624w, http:\/\/stadtteiloper-bremen.de\/wp-content\/uploads\/2019\/09\/Tamazi-Kakabadze-1.jpg 1500w\" sizes=\"auto, (max-width: 180px) 100vw, 180px\" \/><\/a><\/p>\n","protected":false},"excerpt":{"rendered":"<p>Tamazi Kakabadze, ein Sch\u00fcler mit georgischen Wurzeln, ist im Leistungskurs Musik, spielt hier ein franz\u00f6sisches St\u00fcck (Les\u00a0chevaux du bois, die Pferde des Waldes) und wird von\u00a0Masahiro Masumi angeleitet. Mashiro Masumi macht die Korrepetition bei den Proben.<\/p>\n","protected":false},"author":2,"featured_media":7686,"comment_status":"open","ping_status":"open","sticky":false,"template":"","format":"standard","meta":{"footnotes":""},"categories":[4,42,43],"tags":[],"class_list":["post-7683","post","type-post","status-publish","format-standard","has-post-thumbnail","hentry","category-musik","category-oper-2019","category-traumoper"],"_links":{"self":[{"href":"http:\/\/stadtteiloper-bremen.de\/index.php?rest_route=\/wp\/v2\/posts\/7683","targetHints":{"allow":["GET"]}}],"collection":[{"href":"http:\/\/stadtteiloper-bremen.de\/index.php?rest_route=\/wp\/v2\/posts"}],"about":[{"href":"http:\/\/stadtteiloper-bremen.de\/index.php?rest_route=\/wp\/v2\/types\/post"}],"author":[{"embeddable":true,"href":"http:\/\/stadtteiloper-bremen.de\/index.php?rest_route=\/wp\/v2\/users\/2"}],"replies":[{"embeddable":true,"href":"http:\/\/stadtteiloper-bremen.de\/index.php?rest_route=%2Fwp%2Fv2%2Fcomments&post=7683"}],"version-history":[{"count":2,"href":"http:\/\/stadtteiloper-bremen.de\/index.php?rest_route=\/wp\/v2\/posts\/7683\/revisions"}],"predecessor-version":[{"id":7689,"href":"http:\/\/stadtteiloper-bremen.de\/index.php?rest_route=\/wp\/v2\/posts\/7683\/revisions\/7689"}],"wp:featuredmedia":[{"embeddable":true,"href":"http:\/\/stadtteiloper-bremen.de\/index.php?rest_route=\/wp\/v2\/media\/7686"}],"wp:attachment":[{"href":"http:\/\/stadtteiloper-bremen.de\/index.php?rest_route=%2Fwp%2Fv2%2Fmedia&parent=7683"}],"wp:term":[{"taxonomy":"category","embeddable":true,"href":"http:\/\/stadtteiloper-bremen.de\/index.php?rest_route=%2Fwp%2Fv2%2Fcategories&post=7683"},{"taxonomy":"post_tag","embeddable":true,"href":"http:\/\/stadtteiloper-bremen.de\/index.php?rest_route=%2Fwp%2Fv2%2Ftags&post=7683"}],"curies":[{"name":"wp","href":"https:\/\/api.w.org\/{rel}","templated":true}]}}