{"id":7739,"date":"2019-09-18T21:32:07","date_gmt":"2019-09-18T19:32:07","guid":{"rendered":"http:\/\/stadtteiloper-bremen.de\/?p=7739"},"modified":"2019-09-19T09:07:41","modified_gmt":"2019-09-19T07:07:41","slug":"interview-2-kind-und-aengstliches-kind","status":"publish","type":"post","link":"http:\/\/stadtteiloper-bremen.de\/?p=7739","title":{"rendered":"Interview: 2. Kind und \u00e4ngstliches Kind"},"content":{"rendered":"<p>so vor der Kamera sind alle beide &#8211; Dilara und Emily aus der 7.4 &#8211; nicht so besonders \u00e4ngstlich. Sie erz\u00e4hlen von den Proben, ihren Rollen und zeigen uns kleine Kostproben ihres theatralischen K\u00f6nnens.<\/p>\n<div style=\"width: 625px;\" class=\"wp-video\"><!--[if lt IE 9]><script>document.createElement('video');<\/script><![endif]-->\n<video class=\"wp-video-shortcode\" id=\"video-7739-1\" width=\"625\" height=\"352\" preload=\"metadata\" controls=\"controls\"><source type=\"video\/mp4\" src=\"http:\/\/stadtteiloper-bremen.de\/wp-content\/uploads\/2019\/09\/emily-und-dilara-1.m4v?_=1\" \/><a href=\"http:\/\/stadtteiloper-bremen.de\/wp-content\/uploads\/2019\/09\/emily-und-dilara-1.m4v\">http:\/\/stadtteiloper-bremen.de\/wp-content\/uploads\/2019\/09\/emily-und-dilara-1.m4v<\/a><\/video><\/div>\n<p>&nbsp;<\/p>\n<p>&nbsp;<\/p>\n","protected":false},"excerpt":{"rendered":"<p>so vor der Kamera sind alle beide &#8211; Dilara und Emily aus der 7.4 &#8211; nicht so besonders \u00e4ngstlich. Sie erz\u00e4hlen von den Proben, ihren Rollen und zeigen uns kleine Kostproben ihres theatralischen K\u00f6nnens. &nbsp; &nbsp;<\/p>\n","protected":false},"author":2,"featured_media":7740,"comment_status":"open","ping_status":"open","sticky":false,"template":"","format":"standard","meta":{"footnotes":""},"categories":[20,42,39,5,43],"tags":[],"class_list":["post-7739","post","type-post","status-publish","format-standard","has-post-thumbnail","hentry","category-interview","category-oper-2019","category-portraits","category-theater","category-traumoper"],"_links":{"self":[{"href":"http:\/\/stadtteiloper-bremen.de\/index.php?rest_route=\/wp\/v2\/posts\/7739","targetHints":{"allow":["GET"]}}],"collection":[{"href":"http:\/\/stadtteiloper-bremen.de\/index.php?rest_route=\/wp\/v2\/posts"}],"about":[{"href":"http:\/\/stadtteiloper-bremen.de\/index.php?rest_route=\/wp\/v2\/types\/post"}],"author":[{"embeddable":true,"href":"http:\/\/stadtteiloper-bremen.de\/index.php?rest_route=\/wp\/v2\/users\/2"}],"replies":[{"embeddable":true,"href":"http:\/\/stadtteiloper-bremen.de\/index.php?rest_route=%2Fwp%2Fv2%2Fcomments&post=7739"}],"version-history":[{"count":4,"href":"http:\/\/stadtteiloper-bremen.de\/index.php?rest_route=\/wp\/v2\/posts\/7739\/revisions"}],"predecessor-version":[{"id":7746,"href":"http:\/\/stadtteiloper-bremen.de\/index.php?rest_route=\/wp\/v2\/posts\/7739\/revisions\/7746"}],"wp:featuredmedia":[{"embeddable":true,"href":"http:\/\/stadtteiloper-bremen.de\/index.php?rest_route=\/wp\/v2\/media\/7740"}],"wp:attachment":[{"href":"http:\/\/stadtteiloper-bremen.de\/index.php?rest_route=%2Fwp%2Fv2%2Fmedia&parent=7739"}],"wp:term":[{"taxonomy":"category","embeddable":true,"href":"http:\/\/stadtteiloper-bremen.de\/index.php?rest_route=%2Fwp%2Fv2%2Fcategories&post=7739"},{"taxonomy":"post_tag","embeddable":true,"href":"http:\/\/stadtteiloper-bremen.de\/index.php?rest_route=%2Fwp%2Fv2%2Ftags&post=7739"}],"curies":[{"name":"wp","href":"https:\/\/api.w.org\/{rel}","templated":true}]}}