{"id":7839,"date":"2019-09-25T15:49:44","date_gmt":"2019-09-25T13:49:44","guid":{"rendered":"http:\/\/stadtteiloper-bremen.de\/?p=7839"},"modified":"2019-09-25T15:49:44","modified_gmt":"2019-09-25T13:49:44","slug":"interview-mit-matthias-stoermer-bariton","status":"publish","type":"post","link":"http:\/\/stadtteiloper-bremen.de\/?p=7839","title":{"rendered":"Interview mit Matthias St\u00f6rmer, Bariton"},"content":{"rendered":"<p>Matthias St\u00f6rmer ist der fiese Zirkusdirektor. Er erz\u00e4hlt hier von seiner Rolle und seiner Arbeit mit so unterschiedlichen Gruppierungen wie GSO-Sch\u00fclern und der Deutschen Kammerphilharmonie Bremen.<\/p>\n<div style=\"width: 625px;\" class=\"wp-video\"><!--[if lt IE 9]><script>document.createElement('video');<\/script><![endif]-->\n<video class=\"wp-video-shortcode\" id=\"video-7839-1\" width=\"625\" height=\"351\" preload=\"metadata\" controls=\"controls\"><source type=\"video\/mp4\" src=\"http:\/\/stadtteiloper-bremen.de\/wp-content\/uploads\/2019\/09\/bariton.m4v?_=1\" \/><a href=\"http:\/\/stadtteiloper-bremen.de\/wp-content\/uploads\/2019\/09\/bariton.m4v\">http:\/\/stadtteiloper-bremen.de\/wp-content\/uploads\/2019\/09\/bariton.m4v<\/a><\/video><\/div>\n","protected":false},"excerpt":{"rendered":"<p>Matthias St\u00f6rmer ist der fiese Zirkusdirektor. Er erz\u00e4hlt hier von seiner Rolle und seiner Arbeit mit so unterschiedlichen Gruppierungen wie GSO-Sch\u00fclern und der Deutschen Kammerphilharmonie Bremen.<\/p>\n","protected":false},"author":2,"featured_media":7840,"comment_status":"open","ping_status":"open","sticky":false,"template":"","format":"standard","meta":{"footnotes":""},"categories":[1],"tags":[],"class_list":["post-7839","post","type-post","status-publish","format-standard","has-post-thumbnail","hentry","category-allgemein"],"_links":{"self":[{"href":"http:\/\/stadtteiloper-bremen.de\/index.php?rest_route=\/wp\/v2\/posts\/7839","targetHints":{"allow":["GET"]}}],"collection":[{"href":"http:\/\/stadtteiloper-bremen.de\/index.php?rest_route=\/wp\/v2\/posts"}],"about":[{"href":"http:\/\/stadtteiloper-bremen.de\/index.php?rest_route=\/wp\/v2\/types\/post"}],"author":[{"embeddable":true,"href":"http:\/\/stadtteiloper-bremen.de\/index.php?rest_route=\/wp\/v2\/users\/2"}],"replies":[{"embeddable":true,"href":"http:\/\/stadtteiloper-bremen.de\/index.php?rest_route=%2Fwp%2Fv2%2Fcomments&post=7839"}],"version-history":[{"count":1,"href":"http:\/\/stadtteiloper-bremen.de\/index.php?rest_route=\/wp\/v2\/posts\/7839\/revisions"}],"predecessor-version":[{"id":7842,"href":"http:\/\/stadtteiloper-bremen.de\/index.php?rest_route=\/wp\/v2\/posts\/7839\/revisions\/7842"}],"wp:featuredmedia":[{"embeddable":true,"href":"http:\/\/stadtteiloper-bremen.de\/index.php?rest_route=\/wp\/v2\/media\/7840"}],"wp:attachment":[{"href":"http:\/\/stadtteiloper-bremen.de\/index.php?rest_route=%2Fwp%2Fv2%2Fmedia&parent=7839"}],"wp:term":[{"taxonomy":"category","embeddable":true,"href":"http:\/\/stadtteiloper-bremen.de\/index.php?rest_route=%2Fwp%2Fv2%2Fcategories&post=7839"},{"taxonomy":"post_tag","embeddable":true,"href":"http:\/\/stadtteiloper-bremen.de\/index.php?rest_route=%2Fwp%2Fv2%2Ftags&post=7839"}],"curies":[{"name":"wp","href":"https:\/\/api.w.org\/{rel}","templated":true}]}}