{"id":7965,"date":"2019-10-01T11:37:41","date_gmt":"2019-10-01T09:37:41","guid":{"rendered":"http:\/\/stadtteiloper-bremen.de\/?p=7965"},"modified":"2019-10-01T11:37:41","modified_gmt":"2019-10-01T09:37:41","slug":"trotz-regen-regen-regen","status":"publish","type":"post","link":"http:\/\/stadtteiloper-bremen.de\/?p=7965","title":{"rendered":"Trotz Regen, Regen, Regen"},"content":{"rendered":"<p>in der Nacht. In reichlicher Menge. Es klarte am Abend etwas auf und blieb trocken. Und die General war \u00fcberw\u00e4ltigend &#8211; \u00fcberw\u00e4ltigend auch der Applaus f\u00fcr fast 400 Mitwirkende.<\/p>\n<p><a href=\"http:\/\/stadtteiloper-bremen.de\/wp-content\/uploads\/2019\/10\/jubeljubel-12.jpg\" rel=\"wpdevart_lightbox\"><img loading=\"lazy\" decoding=\"async\" class=\"alignleft size-thumbnail wp-image-7978\" src=\"http:\/\/stadtteiloper-bremen.de\/wp-content\/uploads\/2019\/10\/jubeljubel-12-180x180.jpg\" alt=\"\" width=\"180\" height=\"180\" srcset=\"http:\/\/stadtteiloper-bremen.de\/wp-content\/uploads\/2019\/10\/jubeljubel-12-180x180.jpg 180w, http:\/\/stadtteiloper-bremen.de\/wp-content\/uploads\/2019\/10\/jubeljubel-12-250x250.jpg 250w, http:\/\/stadtteiloper-bremen.de\/wp-content\/uploads\/2019\/10\/jubeljubel-12-768x768.jpg 768w, http:\/\/stadtteiloper-bremen.de\/wp-content\/uploads\/2019\/10\/jubeljubel-12-624x624.jpg 624w, http:\/\/stadtteiloper-bremen.de\/wp-content\/uploads\/2019\/10\/jubeljubel-12.jpg 1500w\" sizes=\"auto, (max-width: 180px) 100vw, 180px\" \/><\/a> <a href=\"http:\/\/stadtteiloper-bremen.de\/wp-content\/uploads\/2019\/10\/jubeljubel-11.jpg\" rel=\"wpdevart_lightbox\"><img loading=\"lazy\" decoding=\"async\" class=\"alignleft size-thumbnail wp-image-7977\" src=\"http:\/\/stadtteiloper-bremen.de\/wp-content\/uploads\/2019\/10\/jubeljubel-11-180x180.jpg\" alt=\"\" width=\"180\" height=\"180\" srcset=\"http:\/\/stadtteiloper-bremen.de\/wp-content\/uploads\/2019\/10\/jubeljubel-11-180x180.jpg 180w, http:\/\/stadtteiloper-bremen.de\/wp-content\/uploads\/2019\/10\/jubeljubel-11-250x250.jpg 250w, http:\/\/stadtteiloper-bremen.de\/wp-content\/uploads\/2019\/10\/jubeljubel-11-768x768.jpg 768w, http:\/\/stadtteiloper-bremen.de\/wp-content\/uploads\/2019\/10\/jubeljubel-11-624x624.jpg 624w, http:\/\/stadtteiloper-bremen.de\/wp-content\/uploads\/2019\/10\/jubeljubel-11.jpg 1500w\" sizes=\"auto, (max-width: 180px) 100vw, 180px\" \/><\/a> <a href=\"http:\/\/stadtteiloper-bremen.de\/wp-content\/uploads\/2019\/10\/jubeljubel-10.jpg\" rel=\"wpdevart_lightbox\"><img loading=\"lazy\" decoding=\"async\" class=\"alignleft size-thumbnail wp-image-7976\" src=\"http:\/\/stadtteiloper-bremen.de\/wp-content\/uploads\/2019\/10\/jubeljubel-10-180x180.jpg\" alt=\"\" width=\"180\" height=\"180\" srcset=\"http:\/\/stadtteiloper-bremen.de\/wp-content\/uploads\/2019\/10\/jubeljubel-10-180x180.jpg 180w, http:\/\/stadtteiloper-bremen.de\/wp-content\/uploads\/2019\/10\/jubeljubel-10-250x250.jpg 250w, http:\/\/stadtteiloper-bremen.de\/wp-content\/uploads\/2019\/10\/jubeljubel-10-768x768.jpg 768w, http:\/\/stadtteiloper-bremen.de\/wp-content\/uploads\/2019\/10\/jubeljubel-10-624x624.jpg 624w, http:\/\/stadtteiloper-bremen.de\/wp-content\/uploads\/2019\/10\/jubeljubel-10.jpg 1500w\" sizes=\"auto, (max-width: 180px) 100vw, 180px\" \/><\/a> <a href=\"http:\/\/stadtteiloper-bremen.de\/wp-content\/uploads\/2019\/10\/jubeljubel-9.jpg\" rel=\"wpdevart_lightbox\"><img loading=\"lazy\" decoding=\"async\" class=\"alignleft size-thumbnail wp-image-7975\" src=\"http:\/\/stadtteiloper-bremen.de\/wp-content\/uploads\/2019\/10\/jubeljubel-9-180x180.jpg\" alt=\"\" width=\"180\" height=\"180\" srcset=\"http:\/\/stadtteiloper-bremen.de\/wp-content\/uploads\/2019\/10\/jubeljubel-9-180x180.jpg 180w, http:\/\/stadtteiloper-bremen.de\/wp-content\/uploads\/2019\/10\/jubeljubel-9-250x250.jpg 250w, http:\/\/stadtteiloper-bremen.de\/wp-content\/uploads\/2019\/10\/jubeljubel-9-768x768.jpg 768w, http:\/\/stadtteiloper-bremen.de\/wp-content\/uploads\/2019\/10\/jubeljubel-9-624x624.jpg 624w, http:\/\/stadtteiloper-bremen.de\/wp-content\/uploads\/2019\/10\/jubeljubel-9.jpg 1500w\" sizes=\"auto, (max-width: 180px) 100vw, 180px\" \/><\/a> <a href=\"http:\/\/stadtteiloper-bremen.de\/wp-content\/uploads\/2019\/10\/jubeljubel-8.jpg\" rel=\"wpdevart_lightbox\"><img loading=\"lazy\" decoding=\"async\" class=\"alignleft size-thumbnail wp-image-7974\" src=\"http:\/\/stadtteiloper-bremen.de\/wp-content\/uploads\/2019\/10\/jubeljubel-8-180x180.jpg\" alt=\"\" width=\"180\" height=\"180\" srcset=\"http:\/\/stadtteiloper-bremen.de\/wp-content\/uploads\/2019\/10\/jubeljubel-8-180x180.jpg 180w, http:\/\/stadtteiloper-bremen.de\/wp-content\/uploads\/2019\/10\/jubeljubel-8-250x250.jpg 250w, http:\/\/stadtteiloper-bremen.de\/wp-content\/uploads\/2019\/10\/jubeljubel-8-768x768.jpg 768w, http:\/\/stadtteiloper-bremen.de\/wp-content\/uploads\/2019\/10\/jubeljubel-8-624x624.jpg 624w, http:\/\/stadtteiloper-bremen.de\/wp-content\/uploads\/2019\/10\/jubeljubel-8.jpg 1500w\" sizes=\"auto, (max-width: 180px) 100vw, 180px\" \/><\/a> <a href=\"http:\/\/stadtteiloper-bremen.de\/wp-content\/uploads\/2019\/10\/jubeljubel-7.jpg\" rel=\"wpdevart_lightbox\"><img loading=\"lazy\" decoding=\"async\" class=\"alignleft size-thumbnail wp-image-7973\" src=\"http:\/\/stadtteiloper-bremen.de\/wp-content\/uploads\/2019\/10\/jubeljubel-7-180x180.jpg\" alt=\"\" width=\"180\" height=\"180\" srcset=\"http:\/\/stadtteiloper-bremen.de\/wp-content\/uploads\/2019\/10\/jubeljubel-7-180x180.jpg 180w, http:\/\/stadtteiloper-bremen.de\/wp-content\/uploads\/2019\/10\/jubeljubel-7-250x250.jpg 250w, http:\/\/stadtteiloper-bremen.de\/wp-content\/uploads\/2019\/10\/jubeljubel-7-768x768.jpg 768w, http:\/\/stadtteiloper-bremen.de\/wp-content\/uploads\/2019\/10\/jubeljubel-7-624x624.jpg 624w, http:\/\/stadtteiloper-bremen.de\/wp-content\/uploads\/2019\/10\/jubeljubel-7.jpg 1500w\" sizes=\"auto, (max-width: 180px) 100vw, 180px\" \/><\/a> <a href=\"http:\/\/stadtteiloper-bremen.de\/wp-content\/uploads\/2019\/10\/jubeljubel-6.jpg\" rel=\"wpdevart_lightbox\"><img loading=\"lazy\" decoding=\"async\" class=\"alignleft size-thumbnail wp-image-7972\" src=\"http:\/\/stadtteiloper-bremen.de\/wp-content\/uploads\/2019\/10\/jubeljubel-6-180x180.jpg\" alt=\"\" width=\"180\" height=\"180\" srcset=\"http:\/\/stadtteiloper-bremen.de\/wp-content\/uploads\/2019\/10\/jubeljubel-6-180x180.jpg 180w, http:\/\/stadtteiloper-bremen.de\/wp-content\/uploads\/2019\/10\/jubeljubel-6-250x250.jpg 250w, http:\/\/stadtteiloper-bremen.de\/wp-content\/uploads\/2019\/10\/jubeljubel-6-768x768.jpg 768w, http:\/\/stadtteiloper-bremen.de\/wp-content\/uploads\/2019\/10\/jubeljubel-6-624x624.jpg 624w, http:\/\/stadtteiloper-bremen.de\/wp-content\/uploads\/2019\/10\/jubeljubel-6.jpg 1500w\" sizes=\"auto, (max-width: 180px) 100vw, 180px\" \/><\/a> <a href=\"http:\/\/stadtteiloper-bremen.de\/wp-content\/uploads\/2019\/10\/jubeljubel-5.jpg\" rel=\"wpdevart_lightbox\"><img loading=\"lazy\" decoding=\"async\" class=\"alignleft size-thumbnail wp-image-7971\" src=\"http:\/\/stadtteiloper-bremen.de\/wp-content\/uploads\/2019\/10\/jubeljubel-5-180x180.jpg\" alt=\"\" width=\"180\" height=\"180\" srcset=\"http:\/\/stadtteiloper-bremen.de\/wp-content\/uploads\/2019\/10\/jubeljubel-5-180x180.jpg 180w, http:\/\/stadtteiloper-bremen.de\/wp-content\/uploads\/2019\/10\/jubeljubel-5-250x250.jpg 250w, http:\/\/stadtteiloper-bremen.de\/wp-content\/uploads\/2019\/10\/jubeljubel-5-768x768.jpg 768w, http:\/\/stadtteiloper-bremen.de\/wp-content\/uploads\/2019\/10\/jubeljubel-5-624x624.jpg 624w, http:\/\/stadtteiloper-bremen.de\/wp-content\/uploads\/2019\/10\/jubeljubel-5.jpg 1500w\" sizes=\"auto, (max-width: 180px) 100vw, 180px\" \/><\/a> <a href=\"http:\/\/stadtteiloper-bremen.de\/wp-content\/uploads\/2019\/10\/jubeljubel-4.jpg\" rel=\"wpdevart_lightbox\"><img loading=\"lazy\" decoding=\"async\" class=\"alignleft size-thumbnail wp-image-7970\" src=\"http:\/\/stadtteiloper-bremen.de\/wp-content\/uploads\/2019\/10\/jubeljubel-4-180x180.jpg\" alt=\"\" width=\"180\" height=\"180\" srcset=\"http:\/\/stadtteiloper-bremen.de\/wp-content\/uploads\/2019\/10\/jubeljubel-4-180x180.jpg 180w, http:\/\/stadtteiloper-bremen.de\/wp-content\/uploads\/2019\/10\/jubeljubel-4-250x250.jpg 250w, http:\/\/stadtteiloper-bremen.de\/wp-content\/uploads\/2019\/10\/jubeljubel-4-768x768.jpg 768w, http:\/\/stadtteiloper-bremen.de\/wp-content\/uploads\/2019\/10\/jubeljubel-4-624x624.jpg 624w, http:\/\/stadtteiloper-bremen.de\/wp-content\/uploads\/2019\/10\/jubeljubel-4.jpg 1500w\" sizes=\"auto, (max-width: 180px) 100vw, 180px\" \/><\/a> <a href=\"http:\/\/stadtteiloper-bremen.de\/wp-content\/uploads\/2019\/10\/jubeljubel-3.jpg\" rel=\"wpdevart_lightbox\"><img loading=\"lazy\" decoding=\"async\" class=\"alignleft size-thumbnail wp-image-7969\" src=\"http:\/\/stadtteiloper-bremen.de\/wp-content\/uploads\/2019\/10\/jubeljubel-3-180x180.jpg\" alt=\"\" width=\"180\" height=\"180\" srcset=\"http:\/\/stadtteiloper-bremen.de\/wp-content\/uploads\/2019\/10\/jubeljubel-3-180x180.jpg 180w, http:\/\/stadtteiloper-bremen.de\/wp-content\/uploads\/2019\/10\/jubeljubel-3-250x250.jpg 250w, http:\/\/stadtteiloper-bremen.de\/wp-content\/uploads\/2019\/10\/jubeljubel-3-768x768.jpg 768w, http:\/\/stadtteiloper-bremen.de\/wp-content\/uploads\/2019\/10\/jubeljubel-3-624x624.jpg 624w, http:\/\/stadtteiloper-bremen.de\/wp-content\/uploads\/2019\/10\/jubeljubel-3.jpg 1500w\" sizes=\"auto, (max-width: 180px) 100vw, 180px\" \/><\/a> <a href=\"http:\/\/stadtteiloper-bremen.de\/wp-content\/uploads\/2019\/10\/jubeljubel-2.jpg\" rel=\"wpdevart_lightbox\"><img loading=\"lazy\" decoding=\"async\" class=\"alignleft size-thumbnail wp-image-7968\" src=\"http:\/\/stadtteiloper-bremen.de\/wp-content\/uploads\/2019\/10\/jubeljubel-2-180x180.jpg\" alt=\"\" width=\"180\" height=\"180\" srcset=\"http:\/\/stadtteiloper-bremen.de\/wp-content\/uploads\/2019\/10\/jubeljubel-2-180x180.jpg 180w, http:\/\/stadtteiloper-bremen.de\/wp-content\/uploads\/2019\/10\/jubeljubel-2-250x250.jpg 250w, http:\/\/stadtteiloper-bremen.de\/wp-content\/uploads\/2019\/10\/jubeljubel-2-768x768.jpg 768w, http:\/\/stadtteiloper-bremen.de\/wp-content\/uploads\/2019\/10\/jubeljubel-2-624x624.jpg 624w, http:\/\/stadtteiloper-bremen.de\/wp-content\/uploads\/2019\/10\/jubeljubel-2.jpg 1500w\" sizes=\"auto, (max-width: 180px) 100vw, 180px\" \/><\/a> <a href=\"http:\/\/stadtteiloper-bremen.de\/wp-content\/uploads\/2019\/10\/jubel-1.jpg\" rel=\"wpdevart_lightbox\"><img loading=\"lazy\" decoding=\"async\" class=\"alignleft size-thumbnail wp-image-7966\" src=\"http:\/\/stadtteiloper-bremen.de\/wp-content\/uploads\/2019\/10\/jubel-1-180x180.jpg\" alt=\"\" width=\"180\" height=\"180\" srcset=\"http:\/\/stadtteiloper-bremen.de\/wp-content\/uploads\/2019\/10\/jubel-1-180x180.jpg 180w, http:\/\/stadtteiloper-bremen.de\/wp-content\/uploads\/2019\/10\/jubel-1-250x250.jpg 250w, http:\/\/stadtteiloper-bremen.de\/wp-content\/uploads\/2019\/10\/jubel-1-768x768.jpg 768w, http:\/\/stadtteiloper-bremen.de\/wp-content\/uploads\/2019\/10\/jubel-1-624x624.jpg 624w, http:\/\/stadtteiloper-bremen.de\/wp-content\/uploads\/2019\/10\/jubel-1.jpg 1500w\" sizes=\"auto, (max-width: 180px) 100vw, 180px\" \/><\/a><\/p>\n","protected":false},"excerpt":{"rendered":"<p>in der Nacht. In reichlicher Menge. Es klarte am Abend etwas auf und blieb trocken. Und die General war \u00fcberw\u00e4ltigend &#8211; \u00fcberw\u00e4ltigend auch der Applaus f\u00fcr fast 400 Mitwirkende.<\/p>\n","protected":false},"author":2,"featured_media":7967,"comment_status":"open","ping_status":"open","sticky":false,"template":"","format":"standard","meta":{"footnotes":""},"categories":[1,29,42,43,25],"tags":[],"class_list":["post-7965","post","type-post","status-publish","format-standard","has-post-thumbnail","hentry","category-allgemein","category-general","category-oper-2019","category-traumoper","category-zelt"],"_links":{"self":[{"href":"http:\/\/stadtteiloper-bremen.de\/index.php?rest_route=\/wp\/v2\/posts\/7965","targetHints":{"allow":["GET"]}}],"collection":[{"href":"http:\/\/stadtteiloper-bremen.de\/index.php?rest_route=\/wp\/v2\/posts"}],"about":[{"href":"http:\/\/stadtteiloper-bremen.de\/index.php?rest_route=\/wp\/v2\/types\/post"}],"author":[{"embeddable":true,"href":"http:\/\/stadtteiloper-bremen.de\/index.php?rest_route=\/wp\/v2\/users\/2"}],"replies":[{"embeddable":true,"href":"http:\/\/stadtteiloper-bremen.de\/index.php?rest_route=%2Fwp%2Fv2%2Fcomments&post=7965"}],"version-history":[{"count":1,"href":"http:\/\/stadtteiloper-bremen.de\/index.php?rest_route=\/wp\/v2\/posts\/7965\/revisions"}],"predecessor-version":[{"id":7979,"href":"http:\/\/stadtteiloper-bremen.de\/index.php?rest_route=\/wp\/v2\/posts\/7965\/revisions\/7979"}],"wp:featuredmedia":[{"embeddable":true,"href":"http:\/\/stadtteiloper-bremen.de\/index.php?rest_route=\/wp\/v2\/media\/7967"}],"wp:attachment":[{"href":"http:\/\/stadtteiloper-bremen.de\/index.php?rest_route=%2Fwp%2Fv2%2Fmedia&parent=7965"}],"wp:term":[{"taxonomy":"category","embeddable":true,"href":"http:\/\/stadtteiloper-bremen.de\/index.php?rest_route=%2Fwp%2Fv2%2Fcategories&post=7965"},{"taxonomy":"post_tag","embeddable":true,"href":"http:\/\/stadtteiloper-bremen.de\/index.php?rest_route=%2Fwp%2Fv2%2Ftags&post=7965"}],"curies":[{"name":"wp","href":"https:\/\/api.w.org\/{rel}","templated":true}]}}