{"id":8051,"date":"2019-10-04T17:09:00","date_gmt":"2019-10-04T15:09:00","guid":{"rendered":"http:\/\/stadtteiloper-bremen.de\/?p=8051"},"modified":"2019-10-04T17:31:11","modified_gmt":"2019-10-04T15:31:11","slug":"applausordung-das-dreamteam","status":"publish","type":"post","link":"http:\/\/stadtteiloper-bremen.de\/?p=8051","title":{"rendered":"Applausordung: Das Dreamteam"},"content":{"rendered":"<p style=\"text-align: left;\">Eine\/r nach dem\/der anderen zieht man sich\u00a0auf die B\u00fchne, wie es wohl am Theater Tradition ist:\u00a0Das DREAMTEAM der Oper: Alexander Radulescu (Regie), Rebecca Gebert (Regieassistentin), \u00a0Stefan Berthold (B\u00fchnenbild), Christin Bokelmann (Maske und Kost\u00fcm), Lin Busse, (Kost\u00fcmassistentin), J\u00f6rg HJartenstein (Licht) Margarita Strelkowski (Kost\u00fcmassistentin) und am Schluss mit der Frisur: Hannah Zufall (Libretto). Auf dem Titelbild ganz hinten erkennt man noch Helena Centmayer vom Zukunftslabor.<\/p>\n<p><a href=\"http:\/\/stadtteiloper-bremen.de\/wp-content\/uploads\/2019\/10\/dreamteam-1.jpg\" rel=\"wpdevart_lightbox\"><img loading=\"lazy\" decoding=\"async\" class=\"alignleft size-thumbnail wp-image-8052\" src=\"http:\/\/stadtteiloper-bremen.de\/wp-content\/uploads\/2019\/10\/dreamteam-1-180x180.jpg\" alt=\"\" width=\"180\" height=\"180\" \/><\/a><a href=\"http:\/\/stadtteiloper-bremen.de\/wp-content\/uploads\/2019\/10\/dreamteam-2.jpg\" rel=\"wpdevart_lightbox\"><img loading=\"lazy\" decoding=\"async\" class=\"alignleft size-thumbnail wp-image-8053\" src=\"http:\/\/stadtteiloper-bremen.de\/wp-content\/uploads\/2019\/10\/dreamteam-2-180x180.jpg\" alt=\"\" width=\"180\" height=\"180\" \/><\/a><a href=\"http:\/\/stadtteiloper-bremen.de\/wp-content\/uploads\/2019\/10\/dreamteam-3.jpg\" rel=\"wpdevart_lightbox\"><img loading=\"lazy\" decoding=\"async\" class=\"alignleft size-thumbnail wp-image-8054\" src=\"http:\/\/stadtteiloper-bremen.de\/wp-content\/uploads\/2019\/10\/dreamteam-3-180x180.jpg\" alt=\"\" width=\"180\" height=\"180\" \/><\/a><a href=\"http:\/\/stadtteiloper-bremen.de\/wp-content\/uploads\/2019\/10\/dreamteam-4.jpg\" rel=\"wpdevart_lightbox\"><img loading=\"lazy\" decoding=\"async\" class=\"alignleft size-thumbnail wp-image-8055\" src=\"http:\/\/stadtteiloper-bremen.de\/wp-content\/uploads\/2019\/10\/dreamteam-4-180x180.jpg\" alt=\"\" width=\"180\" height=\"180\" \/><\/a><a href=\"http:\/\/stadtteiloper-bremen.de\/wp-content\/uploads\/2019\/10\/dreamteam-5.jpg\" rel=\"wpdevart_lightbox\"><img loading=\"lazy\" decoding=\"async\" class=\"alignleft size-thumbnail wp-image-8056\" src=\"http:\/\/stadtteiloper-bremen.de\/wp-content\/uploads\/2019\/10\/dreamteam-5-180x180.jpg\" alt=\"\" width=\"180\" height=\"180\" \/><\/a><a href=\"http:\/\/stadtteiloper-bremen.de\/wp-content\/uploads\/2019\/10\/dreamteam-7.jpg\" rel=\"wpdevart_lightbox\"><img loading=\"lazy\" decoding=\"async\" class=\"alignleft size-thumbnail wp-image-8058\" src=\"http:\/\/stadtteiloper-bremen.de\/wp-content\/uploads\/2019\/10\/dreamteam-7-180x180.jpg\" alt=\"\" width=\"180\" height=\"180\" \/><\/a><\/p>\n","protected":false},"excerpt":{"rendered":"<p>Eine\/r nach dem\/der anderen zieht man sich\u00a0auf die B\u00fchne, wie es wohl am Theater Tradition ist:\u00a0Das DREAMTEAM der Oper: Alexander Radulescu (Regie), Rebecca Gebert (Regieassistentin), \u00a0Stefan Berthold (B\u00fchnenbild), Christin Bokelmann (Maske und Kost\u00fcm), Lin Busse, (Kost\u00fcmassistentin), J\u00f6rg HJartenstein (Licht) Margarita Strelkowski (Kost\u00fcmassistentin) und am Schluss mit der Frisur: Hannah Zufall (Libretto). Auf dem Titelbild ganz [&hellip;]<\/p>\n","protected":false},"author":2,"featured_media":8057,"comment_status":"open","ping_status":"open","sticky":false,"template":"","format":"standard","meta":{"footnotes":""},"categories":[1,42,30,43],"tags":[],"class_list":["post-8051","post","type-post","status-publish","format-standard","has-post-thumbnail","hentry","category-allgemein","category-oper-2019","category-premiere","category-traumoper"],"_links":{"self":[{"href":"http:\/\/stadtteiloper-bremen.de\/index.php?rest_route=\/wp\/v2\/posts\/8051","targetHints":{"allow":["GET"]}}],"collection":[{"href":"http:\/\/stadtteiloper-bremen.de\/index.php?rest_route=\/wp\/v2\/posts"}],"about":[{"href":"http:\/\/stadtteiloper-bremen.de\/index.php?rest_route=\/wp\/v2\/types\/post"}],"author":[{"embeddable":true,"href":"http:\/\/stadtteiloper-bremen.de\/index.php?rest_route=\/wp\/v2\/users\/2"}],"replies":[{"embeddable":true,"href":"http:\/\/stadtteiloper-bremen.de\/index.php?rest_route=%2Fwp%2Fv2%2Fcomments&post=8051"}],"version-history":[{"count":5,"href":"http:\/\/stadtteiloper-bremen.de\/index.php?rest_route=\/wp\/v2\/posts\/8051\/revisions"}],"predecessor-version":[{"id":8092,"href":"http:\/\/stadtteiloper-bremen.de\/index.php?rest_route=\/wp\/v2\/posts\/8051\/revisions\/8092"}],"wp:featuredmedia":[{"embeddable":true,"href":"http:\/\/stadtteiloper-bremen.de\/index.php?rest_route=\/wp\/v2\/media\/8057"}],"wp:attachment":[{"href":"http:\/\/stadtteiloper-bremen.de\/index.php?rest_route=%2Fwp%2Fv2%2Fmedia&parent=8051"}],"wp:term":[{"taxonomy":"category","embeddable":true,"href":"http:\/\/stadtteiloper-bremen.de\/index.php?rest_route=%2Fwp%2Fv2%2Fcategories&post=8051"},{"taxonomy":"post_tag","embeddable":true,"href":"http:\/\/stadtteiloper-bremen.de\/index.php?rest_route=%2Fwp%2Fv2%2Ftags&post=8051"}],"curies":[{"name":"wp","href":"https:\/\/api.w.org\/{rel}","templated":true}]}}