{"id":8270,"date":"2022-02-17T17:05:05","date_gmt":"2022-02-17T16:05:05","guid":{"rendered":"http:\/\/stadtteiloper-bremen.de\/?p=8270"},"modified":"2022-02-17T17:42:23","modified_gmt":"2022-02-17T16:42:23","slug":"schnuppertag-an-der-schule","status":"publish","type":"post","link":"http:\/\/stadtteiloper-bremen.de\/?p=8270","title":{"rendered":"Schnuppertag an der Schule"},"content":{"rendered":"<p>Eine Schnitzeljagd durch die Schule und Aspekte der Stadtteiloper: L\u00e4nderschwerpunkte, Themenbereiche, R\u00fcckblicke und nat\u00fcrlich die Musik &#8211; hier vorgestellt von Rodrigo Blumenstock (Oboe) und Beate Weis (Violine), die den Danse Macabre aus der letzten (Alptraum-) Oper vorstellten und Fragen der Klassen beantworteten. Frau Fredrike Latzko, auch Musikerin der Deutschen Kammerphilharmonie, leitete eine Mitmach-Performance mit Kieselsteinen an.<\/p>\n<p>Und wir hoffen, dr\u00fccken s\u00e4mtliche Daumen, dass sie wirklich im n\u00e4chsten Jahr stattfinden kann&#8230;<\/p>\n<p><a href=\"http:\/\/stadtteiloper-bremen.de\/wp-content\/uploads\/2022\/02\/schnitzel-1.jpg\" rel=\"wpdevart_lightbox\"><img loading=\"lazy\" decoding=\"async\" class=\"alignleft size-thumbnail wp-image-8271\" src=\"http:\/\/stadtteiloper-bremen.de\/wp-content\/uploads\/2022\/02\/schnitzel-1-180x180.jpg\" alt=\"\" width=\"180\" height=\"180\" srcset=\"http:\/\/stadtteiloper-bremen.de\/wp-content\/uploads\/2022\/02\/schnitzel-1-180x180.jpg 180w, http:\/\/stadtteiloper-bremen.de\/wp-content\/uploads\/2022\/02\/schnitzel-1-250x250.jpg 250w, http:\/\/stadtteiloper-bremen.de\/wp-content\/uploads\/2022\/02\/schnitzel-1.jpg 2000w, http:\/\/stadtteiloper-bremen.de\/wp-content\/uploads\/2022\/02\/schnitzel-1-768x768.jpg 768w, http:\/\/stadtteiloper-bremen.de\/wp-content\/uploads\/2022\/02\/schnitzel-1-1536x1536.jpg 1536w, http:\/\/stadtteiloper-bremen.de\/wp-content\/uploads\/2022\/02\/schnitzel-1-624x624.jpg 624w\" sizes=\"auto, (max-width: 180px) 100vw, 180px\" \/><\/a><a href=\"http:\/\/stadtteiloper-bremen.de\/wp-content\/uploads\/2022\/02\/schnitzel-3-1.jpg\" rel=\"wpdevart_lightbox\"><img loading=\"lazy\" decoding=\"async\" class=\"alignleft size-thumbnail wp-image-8287\" src=\"http:\/\/stadtteiloper-bremen.de\/wp-content\/uploads\/2022\/02\/schnitzel-3-1-180x180.jpg\" alt=\"\" width=\"180\" height=\"180\" srcset=\"http:\/\/stadtteiloper-bremen.de\/wp-content\/uploads\/2022\/02\/schnitzel-3-1-180x180.jpg 180w, http:\/\/stadtteiloper-bremen.de\/wp-content\/uploads\/2022\/02\/schnitzel-3-1-250x250.jpg 250w, http:\/\/stadtteiloper-bremen.de\/wp-content\/uploads\/2022\/02\/schnitzel-3-1.jpg 2000w, http:\/\/stadtteiloper-bremen.de\/wp-content\/uploads\/2022\/02\/schnitzel-3-1-768x768.jpg 768w, http:\/\/stadtteiloper-bremen.de\/wp-content\/uploads\/2022\/02\/schnitzel-3-1-1536x1536.jpg 1536w, http:\/\/stadtteiloper-bremen.de\/wp-content\/uploads\/2022\/02\/schnitzel-3-1-624x624.jpg 624w\" sizes=\"auto, (max-width: 180px) 100vw, 180px\" \/><\/a> <a href=\"http:\/\/stadtteiloper-bremen.de\/wp-content\/uploads\/2022\/02\/schnitzel-2-1.jpg\" rel=\"wpdevart_lightbox\"><img loading=\"lazy\" decoding=\"async\" class=\"alignleft size-thumbnail wp-image-8286\" src=\"http:\/\/stadtteiloper-bremen.de\/wp-content\/uploads\/2022\/02\/schnitzel-2-1-180x180.jpg\" alt=\"\" width=\"180\" height=\"180\" srcset=\"http:\/\/stadtteiloper-bremen.de\/wp-content\/uploads\/2022\/02\/schnitzel-2-1-180x180.jpg 180w, http:\/\/stadtteiloper-bremen.de\/wp-content\/uploads\/2022\/02\/schnitzel-2-1-250x250.jpg 250w, http:\/\/stadtteiloper-bremen.de\/wp-content\/uploads\/2022\/02\/schnitzel-2-1.jpg 2000w, http:\/\/stadtteiloper-bremen.de\/wp-content\/uploads\/2022\/02\/schnitzel-2-1-768x768.jpg 768w, http:\/\/stadtteiloper-bremen.de\/wp-content\/uploads\/2022\/02\/schnitzel-2-1-1536x1536.jpg 1536w, http:\/\/stadtteiloper-bremen.de\/wp-content\/uploads\/2022\/02\/schnitzel-2-1-624x624.jpg 624w\" sizes=\"auto, (max-width: 180px) 100vw, 180px\" \/><\/a> <a href=\"http:\/\/stadtteiloper-bremen.de\/wp-content\/uploads\/2022\/02\/schnitzel-1-1.jpg\" rel=\"wpdevart_lightbox\"><img loading=\"lazy\" decoding=\"async\" class=\"alignleft size-thumbnail wp-image-8285\" src=\"http:\/\/stadtteiloper-bremen.de\/wp-content\/uploads\/2022\/02\/schnitzel-1-1-180x180.jpg\" alt=\"\" width=\"180\" height=\"180\" srcset=\"http:\/\/stadtteiloper-bremen.de\/wp-content\/uploads\/2022\/02\/schnitzel-1-1-180x180.jpg 180w, http:\/\/stadtteiloper-bremen.de\/wp-content\/uploads\/2022\/02\/schnitzel-1-1-250x250.jpg 250w, http:\/\/stadtteiloper-bremen.de\/wp-content\/uploads\/2022\/02\/schnitzel-1-1.jpg 2000w, http:\/\/stadtteiloper-bremen.de\/wp-content\/uploads\/2022\/02\/schnitzel-1-1-768x768.jpg 768w, http:\/\/stadtteiloper-bremen.de\/wp-content\/uploads\/2022\/02\/schnitzel-1-1-1536x1536.jpg 1536w, http:\/\/stadtteiloper-bremen.de\/wp-content\/uploads\/2022\/02\/schnitzel-1-1-624x624.jpg 624w\" sizes=\"auto, (max-width: 180px) 100vw, 180px\" \/><\/a><br \/>\n<a href=\"http:\/\/stadtteiloper-bremen.de\/wp-content\/uploads\/2022\/02\/schnitzel-12.jpg\" rel=\"wpdevart_lightbox\"><img loading=\"lazy\" decoding=\"async\" class=\"alignleft size-thumbnail wp-image-8282\" src=\"http:\/\/stadtteiloper-bremen.de\/wp-content\/uploads\/2022\/02\/schnitzel-12-180x180.jpg\" alt=\"\" width=\"180\" height=\"180\" srcset=\"http:\/\/stadtteiloper-bremen.de\/wp-content\/uploads\/2022\/02\/schnitzel-12-180x180.jpg 180w, http:\/\/stadtteiloper-bremen.de\/wp-content\/uploads\/2022\/02\/schnitzel-12-250x250.jpg 250w, http:\/\/stadtteiloper-bremen.de\/wp-content\/uploads\/2022\/02\/schnitzel-12.jpg 2000w, http:\/\/stadtteiloper-bremen.de\/wp-content\/uploads\/2022\/02\/schnitzel-12-768x768.jpg 768w, http:\/\/stadtteiloper-bremen.de\/wp-content\/uploads\/2022\/02\/schnitzel-12-1536x1536.jpg 1536w, http:\/\/stadtteiloper-bremen.de\/wp-content\/uploads\/2022\/02\/schnitzel-12-624x624.jpg 624w\" sizes=\"auto, (max-width: 180px) 100vw, 180px\" \/><\/a> <a href=\"http:\/\/stadtteiloper-bremen.de\/wp-content\/uploads\/2022\/02\/schnitzel-11.jpg\" rel=\"wpdevart_lightbox\"><img loading=\"lazy\" decoding=\"async\" class=\"alignleft size-thumbnail wp-image-8281\" src=\"http:\/\/stadtteiloper-bremen.de\/wp-content\/uploads\/2022\/02\/schnitzel-11-180x180.jpg\" alt=\"\" width=\"180\" height=\"180\" srcset=\"http:\/\/stadtteiloper-bremen.de\/wp-content\/uploads\/2022\/02\/schnitzel-11-180x180.jpg 180w, http:\/\/stadtteiloper-bremen.de\/wp-content\/uploads\/2022\/02\/schnitzel-11-250x250.jpg 250w, http:\/\/stadtteiloper-bremen.de\/wp-content\/uploads\/2022\/02\/schnitzel-11.jpg 2000w, http:\/\/stadtteiloper-bremen.de\/wp-content\/uploads\/2022\/02\/schnitzel-11-768x768.jpg 768w, http:\/\/stadtteiloper-bremen.de\/wp-content\/uploads\/2022\/02\/schnitzel-11-1536x1536.jpg 1536w, http:\/\/stadtteiloper-bremen.de\/wp-content\/uploads\/2022\/02\/schnitzel-11-624x624.jpg 624w\" sizes=\"auto, (max-width: 180px) 100vw, 180px\" \/><\/a> <a href=\"http:\/\/stadtteiloper-bremen.de\/wp-content\/uploads\/2022\/02\/schnitzel-10.jpg\" rel=\"wpdevart_lightbox\"><img loading=\"lazy\" decoding=\"async\" class=\"alignleft size-thumbnail wp-image-8280\" src=\"http:\/\/stadtteiloper-bremen.de\/wp-content\/uploads\/2022\/02\/schnitzel-10-180x180.jpg\" alt=\"\" width=\"180\" height=\"180\" srcset=\"http:\/\/stadtteiloper-bremen.de\/wp-content\/uploads\/2022\/02\/schnitzel-10-180x180.jpg 180w, http:\/\/stadtteiloper-bremen.de\/wp-content\/uploads\/2022\/02\/schnitzel-10-250x250.jpg 250w, http:\/\/stadtteiloper-bremen.de\/wp-content\/uploads\/2022\/02\/schnitzel-10.jpg 2000w, http:\/\/stadtteiloper-bremen.de\/wp-content\/uploads\/2022\/02\/schnitzel-10-768x768.jpg 768w, http:\/\/stadtteiloper-bremen.de\/wp-content\/uploads\/2022\/02\/schnitzel-10-1536x1536.jpg 1536w, http:\/\/stadtteiloper-bremen.de\/wp-content\/uploads\/2022\/02\/schnitzel-10-624x624.jpg 624w\" sizes=\"auto, (max-width: 180px) 100vw, 180px\" \/><\/a> <a href=\"http:\/\/stadtteiloper-bremen.de\/wp-content\/uploads\/2022\/02\/schnitzel-9.jpg\" rel=\"wpdevart_lightbox\"><img loading=\"lazy\" decoding=\"async\" class=\"alignleft size-thumbnail wp-image-8279\" src=\"http:\/\/stadtteiloper-bremen.de\/wp-content\/uploads\/2022\/02\/schnitzel-9-180x180.jpg\" alt=\"\" width=\"180\" height=\"180\" srcset=\"http:\/\/stadtteiloper-bremen.de\/wp-content\/uploads\/2022\/02\/schnitzel-9-180x180.jpg 180w, http:\/\/stadtteiloper-bremen.de\/wp-content\/uploads\/2022\/02\/schnitzel-9-250x250.jpg 250w, http:\/\/stadtteiloper-bremen.de\/wp-content\/uploads\/2022\/02\/schnitzel-9.jpg 2000w, http:\/\/stadtteiloper-bremen.de\/wp-content\/uploads\/2022\/02\/schnitzel-9-768x768.jpg 768w, http:\/\/stadtteiloper-bremen.de\/wp-content\/uploads\/2022\/02\/schnitzel-9-1536x1536.jpg 1536w, http:\/\/stadtteiloper-bremen.de\/wp-content\/uploads\/2022\/02\/schnitzel-9-624x624.jpg 624w\" sizes=\"auto, (max-width: 180px) 100vw, 180px\" \/><\/a> <a href=\"http:\/\/stadtteiloper-bremen.de\/wp-content\/uploads\/2022\/02\/schnitzel-8.jpg\" rel=\"wpdevart_lightbox\"><img loading=\"lazy\" decoding=\"async\" class=\"alignleft size-thumbnail wp-image-8278\" src=\"http:\/\/stadtteiloper-bremen.de\/wp-content\/uploads\/2022\/02\/schnitzel-8-180x180.jpg\" alt=\"\" width=\"180\" height=\"180\" srcset=\"http:\/\/stadtteiloper-bremen.de\/wp-content\/uploads\/2022\/02\/schnitzel-8-180x180.jpg 180w, http:\/\/stadtteiloper-bremen.de\/wp-content\/uploads\/2022\/02\/schnitzel-8-250x250.jpg 250w, http:\/\/stadtteiloper-bremen.de\/wp-content\/uploads\/2022\/02\/schnitzel-8.jpg 2000w, http:\/\/stadtteiloper-bremen.de\/wp-content\/uploads\/2022\/02\/schnitzel-8-768x768.jpg 768w, http:\/\/stadtteiloper-bremen.de\/wp-content\/uploads\/2022\/02\/schnitzel-8-1536x1536.jpg 1536w, http:\/\/stadtteiloper-bremen.de\/wp-content\/uploads\/2022\/02\/schnitzel-8-624x624.jpg 624w\" sizes=\"auto, (max-width: 180px) 100vw, 180px\" \/><\/a> <a href=\"http:\/\/stadtteiloper-bremen.de\/wp-content\/uploads\/2022\/02\/schnitzel-7.jpg\" rel=\"wpdevart_lightbox\"><img loading=\"lazy\" decoding=\"async\" class=\"alignleft size-thumbnail wp-image-8277\" src=\"http:\/\/stadtteiloper-bremen.de\/wp-content\/uploads\/2022\/02\/schnitzel-7-180x180.jpg\" alt=\"\" width=\"180\" height=\"180\" srcset=\"http:\/\/stadtteiloper-bremen.de\/wp-content\/uploads\/2022\/02\/schnitzel-7-180x180.jpg 180w, http:\/\/stadtteiloper-bremen.de\/wp-content\/uploads\/2022\/02\/schnitzel-7-250x250.jpg 250w, http:\/\/stadtteiloper-bremen.de\/wp-content\/uploads\/2022\/02\/schnitzel-7.jpg 2000w, http:\/\/stadtteiloper-bremen.de\/wp-content\/uploads\/2022\/02\/schnitzel-7-768x768.jpg 768w, http:\/\/stadtteiloper-bremen.de\/wp-content\/uploads\/2022\/02\/schnitzel-7-1536x1536.jpg 1536w, http:\/\/stadtteiloper-bremen.de\/wp-content\/uploads\/2022\/02\/schnitzel-7-624x624.jpg 624w\" sizes=\"auto, (max-width: 180px) 100vw, 180px\" \/><\/a> <a href=\"http:\/\/stadtteiloper-bremen.de\/wp-content\/uploads\/2022\/02\/schnitzel-6.jpg\" rel=\"wpdevart_lightbox\"><img loading=\"lazy\" decoding=\"async\" class=\"alignleft size-thumbnail wp-image-8276\" src=\"http:\/\/stadtteiloper-bremen.de\/wp-content\/uploads\/2022\/02\/schnitzel-6-180x180.jpg\" alt=\"\" width=\"180\" height=\"180\" srcset=\"http:\/\/stadtteiloper-bremen.de\/wp-content\/uploads\/2022\/02\/schnitzel-6-180x180.jpg 180w, http:\/\/stadtteiloper-bremen.de\/wp-content\/uploads\/2022\/02\/schnitzel-6-250x250.jpg 250w, http:\/\/stadtteiloper-bremen.de\/wp-content\/uploads\/2022\/02\/schnitzel-6.jpg 2000w, http:\/\/stadtteiloper-bremen.de\/wp-content\/uploads\/2022\/02\/schnitzel-6-768x768.jpg 768w, http:\/\/stadtteiloper-bremen.de\/wp-content\/uploads\/2022\/02\/schnitzel-6-1536x1536.jpg 1536w, http:\/\/stadtteiloper-bremen.de\/wp-content\/uploads\/2022\/02\/schnitzel-6-624x624.jpg 624w\" sizes=\"auto, (max-width: 180px) 100vw, 180px\" \/><\/a> <a href=\"http:\/\/stadtteiloper-bremen.de\/wp-content\/uploads\/2022\/02\/schnitzel-4.jpg\" rel=\"wpdevart_lightbox\"><img loading=\"lazy\" decoding=\"async\" class=\"alignleft size-thumbnail wp-image-8274\" src=\"http:\/\/stadtteiloper-bremen.de\/wp-content\/uploads\/2022\/02\/schnitzel-4-180x180.jpg\" alt=\"\" width=\"180\" height=\"180\" srcset=\"http:\/\/stadtteiloper-bremen.de\/wp-content\/uploads\/2022\/02\/schnitzel-4-180x180.jpg 180w, http:\/\/stadtteiloper-bremen.de\/wp-content\/uploads\/2022\/02\/schnitzel-4-250x250.jpg 250w, http:\/\/stadtteiloper-bremen.de\/wp-content\/uploads\/2022\/02\/schnitzel-4.jpg 2000w, http:\/\/stadtteiloper-bremen.de\/wp-content\/uploads\/2022\/02\/schnitzel-4-768x768.jpg 768w, http:\/\/stadtteiloper-bremen.de\/wp-content\/uploads\/2022\/02\/schnitzel-4-1536x1536.jpg 1536w, http:\/\/stadtteiloper-bremen.de\/wp-content\/uploads\/2022\/02\/schnitzel-4-624x624.jpg 624w\" sizes=\"auto, (max-width: 180px) 100vw, 180px\" \/><\/a> <a href=\"http:\/\/stadtteiloper-bremen.de\/wp-content\/uploads\/2022\/02\/schnitzel-5.jpg\" rel=\"wpdevart_lightbox\"><img loading=\"lazy\" decoding=\"async\" class=\"alignleft size-thumbnail wp-image-8275\" src=\"http:\/\/stadtteiloper-bremen.de\/wp-content\/uploads\/2022\/02\/schnitzel-5-180x180.jpg\" alt=\"\" width=\"180\" height=\"180\" srcset=\"http:\/\/stadtteiloper-bremen.de\/wp-content\/uploads\/2022\/02\/schnitzel-5-180x180.jpg 180w, http:\/\/stadtteiloper-bremen.de\/wp-content\/uploads\/2022\/02\/schnitzel-5-250x250.jpg 250w, http:\/\/stadtteiloper-bremen.de\/wp-content\/uploads\/2022\/02\/schnitzel-5.jpg 2000w, http:\/\/stadtteiloper-bremen.de\/wp-content\/uploads\/2022\/02\/schnitzel-5-768x768.jpg 768w, http:\/\/stadtteiloper-bremen.de\/wp-content\/uploads\/2022\/02\/schnitzel-5-1536x1536.jpg 1536w, http:\/\/stadtteiloper-bremen.de\/wp-content\/uploads\/2022\/02\/schnitzel-5-624x624.jpg 624w\" sizes=\"auto, (max-width: 180px) 100vw, 180px\" \/><\/a> <a href=\"http:\/\/stadtteiloper-bremen.de\/wp-content\/uploads\/2022\/02\/schnitzel-3.jpg\" rel=\"wpdevart_lightbox\"><img loading=\"lazy\" decoding=\"async\" class=\"alignleft size-thumbnail wp-image-8273\" src=\"http:\/\/stadtteiloper-bremen.de\/wp-content\/uploads\/2022\/02\/schnitzel-3-180x180.jpg\" alt=\"\" width=\"180\" height=\"180\" srcset=\"http:\/\/stadtteiloper-bremen.de\/wp-content\/uploads\/2022\/02\/schnitzel-3-180x180.jpg 180w, http:\/\/stadtteiloper-bremen.de\/wp-content\/uploads\/2022\/02\/schnitzel-3-250x250.jpg 250w, http:\/\/stadtteiloper-bremen.de\/wp-content\/uploads\/2022\/02\/schnitzel-3.jpg 2000w, http:\/\/stadtteiloper-bremen.de\/wp-content\/uploads\/2022\/02\/schnitzel-3-768x768.jpg 768w, http:\/\/stadtteiloper-bremen.de\/wp-content\/uploads\/2022\/02\/schnitzel-3-1536x1536.jpg 1536w, http:\/\/stadtteiloper-bremen.de\/wp-content\/uploads\/2022\/02\/schnitzel-3-624x624.jpg 624w\" sizes=\"auto, (max-width: 180px) 100vw, 180px\" \/><\/a> <a href=\"http:\/\/stadtteiloper-bremen.de\/wp-content\/uploads\/2022\/02\/schnitzel-2.jpg\" rel=\"wpdevart_lightbox\"><img loading=\"lazy\" decoding=\"async\" class=\"alignleft size-thumbnail wp-image-8272\" src=\"http:\/\/stadtteiloper-bremen.de\/wp-content\/uploads\/2022\/02\/schnitzel-2-180x180.jpg\" alt=\"\" width=\"180\" height=\"180\" srcset=\"http:\/\/stadtteiloper-bremen.de\/wp-content\/uploads\/2022\/02\/schnitzel-2-180x180.jpg 180w, http:\/\/stadtteiloper-bremen.de\/wp-content\/uploads\/2022\/02\/schnitzel-2-250x250.jpg 250w, http:\/\/stadtteiloper-bremen.de\/wp-content\/uploads\/2022\/02\/schnitzel-2.jpg 2000w, http:\/\/stadtteiloper-bremen.de\/wp-content\/uploads\/2022\/02\/schnitzel-2-768x768.jpg 768w, http:\/\/stadtteiloper-bremen.de\/wp-content\/uploads\/2022\/02\/schnitzel-2-1536x1536.jpg 1536w, http:\/\/stadtteiloper-bremen.de\/wp-content\/uploads\/2022\/02\/schnitzel-2-624x624.jpg 624w\" sizes=\"auto, (max-width: 180px) 100vw, 180px\" \/><\/a><\/p>\n<p>&nbsp;<\/p>\n<p>&nbsp;<\/p>\n<p>&nbsp;<\/p>\n<p>&nbsp;<\/p>\n<p>&nbsp;<\/p>\n<div style=\"width: 625px;\" class=\"wp-video\"><!--[if lt IE 9]><script>document.createElement('video');<\/script><![endif]-->\n<video class=\"wp-video-shortcode\" id=\"video-8270-1\" width=\"625\" height=\"352\" preload=\"metadata\" controls=\"controls\"><source type=\"video\/mp4\" src=\"http:\/\/stadtteiloper-bremen.de\/wp-content\/uploads\/2022\/02\/steine-Clip1.mp4?_=1\" \/><a href=\"http:\/\/stadtteiloper-bremen.de\/wp-content\/uploads\/2022\/02\/steine-Clip1.mp4\">http:\/\/stadtteiloper-bremen.de\/wp-content\/uploads\/2022\/02\/steine-Clip1.mp4<\/a><\/video><\/div>\n","protected":false},"excerpt":{"rendered":"<p>Eine Schnitzeljagd durch die Schule und Aspekte der Stadtteiloper: L\u00e4nderschwerpunkte, Themenbereiche, R\u00fcckblicke und nat\u00fcrlich die Musik &#8211; hier vorgestellt von Rodrigo Blumenstock (Oboe) und Beate Weis (Violine), die den Danse Macabre aus der letzten (Alptraum-) Oper vorstellten und Fragen der Klassen beantworteten. Frau Fredrike Latzko, auch Musikerin der Deutschen Kammerphilharmonie, leitete eine Mitmach-Performance mit Kieselsteinen [&hellip;]<\/p>\n","protected":false},"author":2,"featured_media":8283,"comment_status":"open","ping_status":"open","sticky":false,"template":"","format":"standard","meta":{"footnotes":""},"categories":[1,45],"tags":[],"class_list":["post-8270","post","type-post","status-publish","format-standard","has-post-thumbnail","hentry","category-allgemein","category-die-neue"],"_links":{"self":[{"href":"http:\/\/stadtteiloper-bremen.de\/index.php?rest_route=\/wp\/v2\/posts\/8270","targetHints":{"allow":["GET"]}}],"collection":[{"href":"http:\/\/stadtteiloper-bremen.de\/index.php?rest_route=\/wp\/v2\/posts"}],"about":[{"href":"http:\/\/stadtteiloper-bremen.de\/index.php?rest_route=\/wp\/v2\/types\/post"}],"author":[{"embeddable":true,"href":"http:\/\/stadtteiloper-bremen.de\/index.php?rest_route=\/wp\/v2\/users\/2"}],"replies":[{"embeddable":true,"href":"http:\/\/stadtteiloper-bremen.de\/index.php?rest_route=%2Fwp%2Fv2%2Fcomments&post=8270"}],"version-history":[{"count":4,"href":"http:\/\/stadtteiloper-bremen.de\/index.php?rest_route=\/wp\/v2\/posts\/8270\/revisions"}],"predecessor-version":[{"id":8291,"href":"http:\/\/stadtteiloper-bremen.de\/index.php?rest_route=\/wp\/v2\/posts\/8270\/revisions\/8291"}],"wp:featuredmedia":[{"embeddable":true,"href":"http:\/\/stadtteiloper-bremen.de\/index.php?rest_route=\/wp\/v2\/media\/8283"}],"wp:attachment":[{"href":"http:\/\/stadtteiloper-bremen.de\/index.php?rest_route=%2Fwp%2Fv2%2Fmedia&parent=8270"}],"wp:term":[{"taxonomy":"category","embeddable":true,"href":"http:\/\/stadtteiloper-bremen.de\/index.php?rest_route=%2Fwp%2Fv2%2Fcategories&post=8270"},{"taxonomy":"post_tag","embeddable":true,"href":"http:\/\/stadtteiloper-bremen.de\/index.php?rest_route=%2Fwp%2Fv2%2Ftags&post=8270"}],"curies":[{"name":"wp","href":"https:\/\/api.w.org\/{rel}","templated":true}]}}