{"id":8370,"date":"2023-01-20T16:48:29","date_gmt":"2023-01-20T15:48:29","guid":{"rendered":"http:\/\/stadtteiloper-bremen.de\/?p=8370"},"modified":"2023-01-21T17:37:12","modified_gmt":"2023-01-21T16:37:12","slug":"neuer-proben","status":"publish","type":"post","link":"http:\/\/stadtteiloper-bremen.de\/?p=8370","title":{"rendered":"Neue Proben"},"content":{"rendered":"<p>Beinarbeit, Lockerungs\u00fcbung und T\u00e4nzchen als Training f\u00fcr die grosse Mondfahrt! Der Regisseur Johann Diel \u00fcbt mit der Theaterklasse 9.3 erste Schritte (und bald auf dem Mond: im April on stage!)<\/p>\n<div style=\"width: 625px;\" class=\"wp-video\"><!--[if lt IE 9]><script>document.createElement('video');<\/script><![endif]-->\n<video class=\"wp-video-shortcode\" id=\"video-8370-1\" width=\"625\" height=\"352\" poster=\"http:\/\/stadtteiloper-bremen.de\/wp-content\/uploads\/2023\/01\/proben1-m4v-image.jpg\" preload=\"metadata\" controls=\"controls\"><source type=\"video\/mp4\" src=\"http:\/\/stadtteiloper-bremen.de\/wp-content\/uploads\/2023\/01\/proben1.m4v?_=1\" \/><a href=\"http:\/\/stadtteiloper-bremen.de\/wp-content\/uploads\/2023\/01\/proben1.m4v\">http:\/\/stadtteiloper-bremen.de\/wp-content\/uploads\/2023\/01\/proben1.m4v<\/a><\/video><\/div>\n<p><a href=\"http:\/\/stadtteiloper-bremen.de\/wp-content\/uploads\/2023\/01\/beinarbeit-5.jpeg\" rel=\"wpdevart_lightbox\"><img loading=\"lazy\" decoding=\"async\" class=\"alignleft size-thumbnail wp-image-8377\" src=\"http:\/\/stadtteiloper-bremen.de\/wp-content\/uploads\/2023\/01\/beinarbeit-5-180x180.jpeg\" alt=\"\" width=\"180\" height=\"180\" srcset=\"http:\/\/stadtteiloper-bremen.de\/wp-content\/uploads\/2023\/01\/beinarbeit-5-180x180.jpeg 180w, http:\/\/stadtteiloper-bremen.de\/wp-content\/uploads\/2023\/01\/beinarbeit-5-250x250.jpeg 250w, http:\/\/stadtteiloper-bremen.de\/wp-content\/uploads\/2023\/01\/beinarbeit-5-2000x2000.jpeg 2000w, http:\/\/stadtteiloper-bremen.de\/wp-content\/uploads\/2023\/01\/beinarbeit-5-768x768.jpeg 768w, http:\/\/stadtteiloper-bremen.de\/wp-content\/uploads\/2023\/01\/beinarbeit-5-1536x1536.jpeg 1536w, http:\/\/stadtteiloper-bremen.de\/wp-content\/uploads\/2023\/01\/beinarbeit-5-2048x2048.jpeg 2048w, http:\/\/stadtteiloper-bremen.de\/wp-content\/uploads\/2023\/01\/beinarbeit-5-624x624.jpeg 624w\" sizes=\"auto, (max-width: 180px) 100vw, 180px\" \/><\/a> <a href=\"http:\/\/stadtteiloper-bremen.de\/wp-content\/uploads\/2023\/01\/beinarbeit-4.jpeg\" rel=\"wpdevart_lightbox\"><img loading=\"lazy\" decoding=\"async\" class=\"alignleft size-thumbnail wp-image-8376\" src=\"http:\/\/stadtteiloper-bremen.de\/wp-content\/uploads\/2023\/01\/beinarbeit-4-180x180.jpeg\" alt=\"\" width=\"180\" height=\"180\" srcset=\"http:\/\/stadtteiloper-bremen.de\/wp-content\/uploads\/2023\/01\/beinarbeit-4-180x180.jpeg 180w, http:\/\/stadtteiloper-bremen.de\/wp-content\/uploads\/2023\/01\/beinarbeit-4-250x250.jpeg 250w, http:\/\/stadtteiloper-bremen.de\/wp-content\/uploads\/2023\/01\/beinarbeit-4-2000x2000.jpeg 2000w, http:\/\/stadtteiloper-bremen.de\/wp-content\/uploads\/2023\/01\/beinarbeit-4-768x768.jpeg 768w, http:\/\/stadtteiloper-bremen.de\/wp-content\/uploads\/2023\/01\/beinarbeit-4-1536x1536.jpeg 1536w, http:\/\/stadtteiloper-bremen.de\/wp-content\/uploads\/2023\/01\/beinarbeit-4-2048x2048.jpeg 2048w, http:\/\/stadtteiloper-bremen.de\/wp-content\/uploads\/2023\/01\/beinarbeit-4-624x624.jpeg 624w\" sizes=\"auto, (max-width: 180px) 100vw, 180px\" \/><\/a> <a href=\"http:\/\/stadtteiloper-bremen.de\/wp-content\/uploads\/2023\/01\/beinarbeit-1.jpeg\" rel=\"wpdevart_lightbox\"><img loading=\"lazy\" decoding=\"async\" class=\"alignleft size-thumbnail wp-image-8373\" src=\"http:\/\/stadtteiloper-bremen.de\/wp-content\/uploads\/2023\/01\/beinarbeit-1-180x180.jpeg\" alt=\"\" width=\"180\" height=\"180\" srcset=\"http:\/\/stadtteiloper-bremen.de\/wp-content\/uploads\/2023\/01\/beinarbeit-1-180x180.jpeg 180w, http:\/\/stadtteiloper-bremen.de\/wp-content\/uploads\/2023\/01\/beinarbeit-1-250x250.jpeg 250w, http:\/\/stadtteiloper-bremen.de\/wp-content\/uploads\/2023\/01\/beinarbeit-1-2000x2000.jpeg 2000w, http:\/\/stadtteiloper-bremen.de\/wp-content\/uploads\/2023\/01\/beinarbeit-1-768x768.jpeg 768w, http:\/\/stadtteiloper-bremen.de\/wp-content\/uploads\/2023\/01\/beinarbeit-1-1536x1536.jpeg 1536w, http:\/\/stadtteiloper-bremen.de\/wp-content\/uploads\/2023\/01\/beinarbeit-1-2048x2048.jpeg 2048w, http:\/\/stadtteiloper-bremen.de\/wp-content\/uploads\/2023\/01\/beinarbeit-1-624x624.jpeg 624w\" sizes=\"auto, (max-width: 180px) 100vw, 180px\" \/><\/a><\/p>\n<p>&nbsp;<\/p>\n","protected":false},"excerpt":{"rendered":"<p>Beinarbeit, Lockerungs\u00fcbung und T\u00e4nzchen als Training f\u00fcr die grosse Mondfahrt! Der Regisseur Johann Diel \u00fcbt mit der Theaterklasse 9.3 erste Schritte (und bald auf dem Mond: im April on stage!) &nbsp;<\/p>\n","protected":false},"author":2,"featured_media":8378,"comment_status":"open","ping_status":"open","sticky":false,"template":"","format":"standard","meta":{"footnotes":""},"categories":[47,46,6,36],"tags":[],"class_list":["post-8370","post","type-post","status-publish","format-standard","has-post-thumbnail","hentry","category-mondfahrt","category-oper-2023","category-regie","category-tanzen"],"_links":{"self":[{"href":"http:\/\/stadtteiloper-bremen.de\/index.php?rest_route=\/wp\/v2\/posts\/8370","targetHints":{"allow":["GET"]}}],"collection":[{"href":"http:\/\/stadtteiloper-bremen.de\/index.php?rest_route=\/wp\/v2\/posts"}],"about":[{"href":"http:\/\/stadtteiloper-bremen.de\/index.php?rest_route=\/wp\/v2\/types\/post"}],"author":[{"embeddable":true,"href":"http:\/\/stadtteiloper-bremen.de\/index.php?rest_route=\/wp\/v2\/users\/2"}],"replies":[{"embeddable":true,"href":"http:\/\/stadtteiloper-bremen.de\/index.php?rest_route=%2Fwp%2Fv2%2Fcomments&post=8370"}],"version-history":[{"count":2,"href":"http:\/\/stadtteiloper-bremen.de\/index.php?rest_route=\/wp\/v2\/posts\/8370\/revisions"}],"predecessor-version":[{"id":8392,"href":"http:\/\/stadtteiloper-bremen.de\/index.php?rest_route=\/wp\/v2\/posts\/8370\/revisions\/8392"}],"wp:featuredmedia":[{"embeddable":true,"href":"http:\/\/stadtteiloper-bremen.de\/index.php?rest_route=\/wp\/v2\/media\/8378"}],"wp:attachment":[{"href":"http:\/\/stadtteiloper-bremen.de\/index.php?rest_route=%2Fwp%2Fv2%2Fmedia&parent=8370"}],"wp:term":[{"taxonomy":"category","embeddable":true,"href":"http:\/\/stadtteiloper-bremen.de\/index.php?rest_route=%2Fwp%2Fv2%2Fcategories&post=8370"},{"taxonomy":"post_tag","embeddable":true,"href":"http:\/\/stadtteiloper-bremen.de\/index.php?rest_route=%2Fwp%2Fv2%2Ftags&post=8370"}],"curies":[{"name":"wp","href":"https:\/\/api.w.org\/{rel}","templated":true}]}}