{"id":9546,"date":"2026-09-02T17:32:18","date_gmt":"2026-09-02T15:32:18","guid":{"rendered":"http:\/\/stadtteiloper-bremen.de\/?p=9546"},"modified":"2026-09-02T17:32:18","modified_gmt":"2026-09-02T15:32:18","slug":"musikalische-workshops","status":"publish","type":"post","link":"http:\/\/stadtteiloper-bremen.de\/?p=9546","title":{"rendered":"Musikalische Workshops"},"content":{"rendered":"<p>Heute in der Aula der GSO: Unter Anleitung der Musikp\u00e4dagogin Julia K\u00e4mmerer und dem Musiker Rodrigo Blumenstock versuchten die 8.4 (Streicherklasse) und die 6.2 (Bl\u00e4serklass) sich in verschiedene Klangwelten (mit Beethoven im Hintergrund) einzuarbeiten. By the way: Die n\u00e4chste Oper in einem Jahr wird sich mit Beethovens Fidelio besch\u00e4ftigen.<\/p>\n<p><a href=\"http:\/\/stadtteiloper-bremen.de\/wp-content\/uploads\/2026\/09\/2-09-3-scaled.jpeg\" rel=\"wpdevart_lightbox\"><img loading=\"lazy\" decoding=\"async\" class=\"alignleft size-thumbnail wp-image-9549\" src=\"http:\/\/stadtteiloper-bremen.de\/wp-content\/uploads\/2026\/09\/2-09-3-180x180.jpeg\" alt=\"\" width=\"180\" height=\"180\" \/><\/a> <a href=\"http:\/\/stadtteiloper-bremen.de\/wp-content\/uploads\/2026\/09\/2-09-4-scaled.jpeg\" rel=\"wpdevart_lightbox\"><img loading=\"lazy\" decoding=\"async\" class=\"alignleft size-thumbnail wp-image-9550\" src=\"http:\/\/stadtteiloper-bremen.de\/wp-content\/uploads\/2026\/09\/2-09-4-180x180.jpeg\" alt=\"\" width=\"180\" height=\"180\" \/><\/a> <a href=\"http:\/\/stadtteiloper-bremen.de\/wp-content\/uploads\/2026\/09\/2-09-5-scaled.jpeg\" rel=\"wpdevart_lightbox\"><img loading=\"lazy\" decoding=\"async\" class=\"alignleft size-thumbnail wp-image-9551\" src=\"http:\/\/stadtteiloper-bremen.de\/wp-content\/uploads\/2026\/09\/2-09-5-180x180.jpeg\" alt=\"\" width=\"180\" height=\"180\" \/><\/a> <a href=\"http:\/\/stadtteiloper-bremen.de\/wp-content\/uploads\/2026\/09\/2-09-6-scaled.jpeg\" rel=\"wpdevart_lightbox\"><img loading=\"lazy\" decoding=\"async\" class=\"alignleft size-thumbnail wp-image-9552\" src=\"http:\/\/stadtteiloper-bremen.de\/wp-content\/uploads\/2026\/09\/2-09-6-180x180.jpeg\" alt=\"\" width=\"180\" height=\"180\" \/><\/a> <a href=\"http:\/\/stadtteiloper-bremen.de\/wp-content\/uploads\/2026\/09\/2-09-7-scaled.jpeg\" rel=\"wpdevart_lightbox\"><img loading=\"lazy\" decoding=\"async\" class=\"alignleft size-thumbnail wp-image-9553\" src=\"http:\/\/stadtteiloper-bremen.de\/wp-content\/uploads\/2026\/09\/2-09-7-180x180.jpeg\" alt=\"\" width=\"180\" height=\"180\" \/><\/a> <a href=\"http:\/\/stadtteiloper-bremen.de\/wp-content\/uploads\/2026\/09\/2-09-8-scaled.jpeg\" rel=\"wpdevart_lightbox\"><img loading=\"lazy\" decoding=\"async\" class=\"alignleft size-thumbnail wp-image-9554\" src=\"http:\/\/stadtteiloper-bremen.de\/wp-content\/uploads\/2026\/09\/2-09-8-180x180.jpeg\" alt=\"\" width=\"180\" height=\"180\" \/><\/a> <a href=\"http:\/\/stadtteiloper-bremen.de\/wp-content\/uploads\/2026\/09\/2-09-9-scaled.jpeg\" rel=\"wpdevart_lightbox\"><img loading=\"lazy\" decoding=\"async\" class=\"alignleft size-thumbnail wp-image-9555\" src=\"http:\/\/stadtteiloper-bremen.de\/wp-content\/uploads\/2026\/09\/2-09-9-180x180.jpeg\" alt=\"\" width=\"180\" height=\"180\" \/><\/a> <a href=\"http:\/\/stadtteiloper-bremen.de\/wp-content\/uploads\/2026\/09\/2-09-10-scaled.jpeg\" rel=\"wpdevart_lightbox\"><img loading=\"lazy\" decoding=\"async\" class=\"alignleft size-thumbnail wp-image-9556\" src=\"http:\/\/stadtteiloper-bremen.de\/wp-content\/uploads\/2026\/09\/2-09-10-180x180.jpeg\" alt=\"\" width=\"180\" height=\"180\" \/><\/a> <a href=\"http:\/\/stadtteiloper-bremen.de\/wp-content\/uploads\/2026\/09\/2-09-11-scaled.jpeg\" rel=\"wpdevart_lightbox\"><img loading=\"lazy\" decoding=\"async\" class=\"alignleft size-thumbnail wp-image-9557\" src=\"http:\/\/stadtteiloper-bremen.de\/wp-content\/uploads\/2026\/09\/2-09-11-180x180.jpeg\" alt=\"\" width=\"180\" height=\"180\" \/><\/a> <a href=\"http:\/\/stadtteiloper-bremen.de\/wp-content\/uploads\/2026\/09\/2-09-12-scaled.jpeg\" rel=\"wpdevart_lightbox\"><img loading=\"lazy\" decoding=\"async\" class=\"alignleft size-thumbnail wp-image-9558\" src=\"http:\/\/stadtteiloper-bremen.de\/wp-content\/uploads\/2026\/09\/2-09-12-180x180.jpeg\" alt=\"\" width=\"180\" height=\"180\" \/><\/a><\/p>\n","protected":false},"excerpt":{"rendered":"<p>Heute in der Aula der GSO: Unter Anleitung der Musikp\u00e4dagogin Julia K\u00e4mmerer und dem Musiker Rodrigo Blumenstock versuchten die 8.4 (Streicherklasse) und die 6.2 (Bl\u00e4serklass) sich in verschiedene Klangwelten (mit Beethoven im Hintergrund) einzuarbeiten. By the way: Die n\u00e4chste Oper in einem Jahr wird sich mit Beethovens Fidelio besch\u00e4ftigen.<\/p>\n","protected":false},"author":2,"featured_media":9548,"comment_status":"open","ping_status":"open","sticky":false,"template":"","format":"standard","meta":{"footnotes":""},"categories":[1],"tags":[],"class_list":["post-9546","post","type-post","status-publish","format-standard","has-post-thumbnail","hentry","category-allgemein"],"_links":{"self":[{"href":"http:\/\/stadtteiloper-bremen.de\/index.php?rest_route=\/wp\/v2\/posts\/9546","targetHints":{"allow":["GET"]}}],"collection":[{"href":"http:\/\/stadtteiloper-bremen.de\/index.php?rest_route=\/wp\/v2\/posts"}],"about":[{"href":"http:\/\/stadtteiloper-bremen.de\/index.php?rest_route=\/wp\/v2\/types\/post"}],"author":[{"embeddable":true,"href":"http:\/\/stadtteiloper-bremen.de\/index.php?rest_route=\/wp\/v2\/users\/2"}],"replies":[{"embeddable":true,"href":"http:\/\/stadtteiloper-bremen.de\/index.php?rest_route=%2Fwp%2Fv2%2Fcomments&post=9546"}],"version-history":[{"count":1,"href":"http:\/\/stadtteiloper-bremen.de\/index.php?rest_route=\/wp\/v2\/posts\/9546\/revisions"}],"predecessor-version":[{"id":9559,"href":"http:\/\/stadtteiloper-bremen.de\/index.php?rest_route=\/wp\/v2\/posts\/9546\/revisions\/9559"}],"wp:featuredmedia":[{"embeddable":true,"href":"http:\/\/stadtteiloper-bremen.de\/index.php?rest_route=\/wp\/v2\/media\/9548"}],"wp:attachment":[{"href":"http:\/\/stadtteiloper-bremen.de\/index.php?rest_route=%2Fwp%2Fv2%2Fmedia&parent=9546"}],"wp:term":[{"taxonomy":"category","embeddable":true,"href":"http:\/\/stadtteiloper-bremen.de\/index.php?rest_route=%2Fwp%2Fv2%2Fcategories&post=9546"},{"taxonomy":"post_tag","embeddable":true,"href":"http:\/\/stadtteiloper-bremen.de\/index.php?rest_route=%2Fwp%2Fv2%2Ftags&post=9546"}],"curies":[{"name":"wp","href":"https:\/\/api.w.org\/{rel}","templated":true}]}}